{"id":314764,"date":"2019-01-31T19:40:53","date_gmt":"2019-01-31T23:40:53","guid":{"rendered":"http:\/\/primermomento.com\/?p=314764"},"modified":"2019-01-31T19:44:22","modified_gmt":"2019-01-31T23:44:22","slug":"bani-gobernadora-no-atendio-llamado-de-la-sociedad-civil","status":"publish","type":"post","link":"https:\/\/primermomento.com\/?p=314764","title":{"rendered":"BAN\u00cd | Gobernadora no atendi\u00f3 llamado de la sociedad civil"},"content":{"rendered":"\n<p>BAN\u00cd, Rep\u00fablica Dominicana.- La gobernadora Nelly Melo de Guerrero, justific\u00f3 por raz\u00f3n m\u00e9dica su ausencia en el encuentro \u00abpor una provincia que merecemos\u00bb patrocinada por el Grupo de Comunicaciones Ortiz Ruiz, y su staff de periodistas y comunicadores, efectuado la noche de este mi\u00e9rcoles 30 de enero.<\/p>\n\n\n\n<figure class=\"wp-block-image\"><img loading=\"lazy\" decoding=\"async\" width=\"591\" height=\"592\" src=\"http:\/\/primermomento.com\/wp-content\/uploads\/2019\/01\/Nelly-Melo-en-Santana.jpg\" alt=\"\" class=\"wp-image-314765\" srcset=\"https:\/\/primermomento.com\/wp-content\/uploads\/2019\/01\/Nelly-Melo-en-Santana.jpg 591w, https:\/\/primermomento.com\/wp-content\/uploads\/2019\/01\/Nelly-Melo-en-Santana-150x150.jpg 150w, https:\/\/primermomento.com\/wp-content\/uploads\/2019\/01\/Nelly-Melo-en-Santana-300x300.jpg 300w, https:\/\/primermomento.com\/wp-content\/uploads\/2019\/01\/Nelly-Melo-en-Santana-50x50.jpg 50w, https:\/\/primermomento.com\/wp-content\/uploads\/2019\/01\/Nelly-Melo-en-Santana-500x501.jpg 500w, https:\/\/primermomento.com\/wp-content\/uploads\/2019\/01\/Nelly-Melo-en-Santana-220x220.jpg 220w, https:\/\/primermomento.com\/wp-content\/uploads\/2019\/01\/Nelly-Melo-en-Santana-118x118.jpg 118w, https:\/\/primermomento.com\/wp-content\/uploads\/2019\/01\/Nelly-Melo-en-Santana-479x480.jpg 479w, https:\/\/primermomento.com\/wp-content\/uploads\/2019\/01\/Nelly-Melo-en-Santana-30x30.jpg 30w\" sizes=\"auto, (max-width: 591px) 100vw, 591px\" \/><\/figure>\n\n\n\n<p>Pero, para sorpresa de la sociedad civil, trascendi\u00f3 en la red social de Facebook que, en realidad, la representante del Poder Ejecutivo se encontraba en el Distrito Municipal de Santana compartiendo con Yeison Producci\u00f3n, empresario art\u00edstico de la zona.<\/p>\n\n\n\n<p>Adem\u00e1s del anfitri\u00f3n y Nelly Melo de Guerrero, aparecen en una de las fotograf\u00edas colgadas a la citada red Vantroi Suazo y El Jevito.<\/p>\n\n\n\n<p>Yeison Producci\u00f3n escribi\u00f3 el siguiente mensaje en la red: <em>\u00abGracias a la Gobernadora de la Provincia Peravia la Sra. Nelly Melo de Guerrero, por invitarnos a conversar de diferentes temas de la Provincia y de nuestro Distrito Municipal de Santana donde les planteamos algunas soluciones para segir mejorando en nuestro Pueblo de Santana\u00bb.<\/em><br><\/p>\n\n\n\n<p>Los participantes en el encuentro echaron de menos a Melo de Guerrero cuando, precisamente, la mayor\u00eda de las propuestas la involucra directa e indirectamente en las tomas de decisiones.<\/p>\n\n\n\n<p>La noche antes, la gobernadora Nelly Melo hab\u00eda participado en un evento social en un centro nocturno del centro de la ciudad, donde se dio a conocer el montaje del XIX Carnaval Regional Banilejo, programado para el 28 de abril, y cuya celebraci\u00f3n es organizada por el Ayuntamiento de Ban\u00ed.<\/p>\n\n\n\n<p style=\"text-align:right\">Primer Momento<\/p>\n","protected":false},"excerpt":{"rendered":"<p>BAN\u00cd, Rep\u00fablica Dominicana.- La gobernadora Nelly Melo de Guerrero, justific\u00f3 por raz\u00f3n m\u00e9dica su ausencia en el encuentro \u00abpor una provincia que merecemos\u00bb patrocinada por el Grupo de Comunicaciones Ortiz Ruiz, y su staff de periodistas y comunicadores, efectuado la noche de este mi\u00e9rcoles 30 de enero. Pero, para sorpresa de la sociedad civil, trascendi\u00f3 [&hellip;]<\/p>\n","protected":false},"author":1,"featured_media":0,"comment_status":"open","ping_status":"open","sticky":false,"template":"","format":"standard","meta":{"_bbp_topic_count":0,"_bbp_reply_count":0,"_bbp_total_topic_count":0,"_bbp_total_reply_count":0,"_bbp_voice_count":0,"_bbp_anonymous_reply_count":0,"_bbp_topic_count_hidden":0,"_bbp_reply_count_hidden":0,"_bbp_forum_subforum_count":0,"footnotes":""},"categories":[30,60],"tags":[],"class_list":{"0":"post-314764","1":"post","2":"type-post","3":"status-publish","4":"format-standard","6":"category-actualidad","7":"category-titulares-del-dia"},"_links":{"self":[{"href":"https:\/\/primermomento.com\/index.php?rest_route=\/wp\/v2\/posts\/314764","targetHints":{"allow":["GET"]}}],"collection":[{"href":"https:\/\/primermomento.com\/index.php?rest_route=\/wp\/v2\/posts"}],"about":[{"href":"https:\/\/primermomento.com\/index.php?rest_route=\/wp\/v2\/types\/post"}],"author":[{"embeddable":true,"href":"https:\/\/primermomento.com\/index.php?rest_route=\/wp\/v2\/users\/1"}],"replies":[{"embeddable":true,"href":"https:\/\/primermomento.com\/index.php?rest_route=%2Fwp%2Fv2%2Fcomments&post=314764"}],"version-history":[{"count":2,"href":"https:\/\/primermomento.com\/index.php?rest_route=\/wp\/v2\/posts\/314764\/revisions"}],"predecessor-version":[{"id":314767,"href":"https:\/\/primermomento.com\/index.php?rest_route=\/wp\/v2\/posts\/314764\/revisions\/314767"}],"wp:attachment":[{"href":"https:\/\/primermomento.com\/index.php?rest_route=%2Fwp%2Fv2%2Fmedia&parent=314764"}],"wp:term":[{"taxonomy":"category","embeddable":true,"href":"https:\/\/primermomento.com\/index.php?rest_route=%2Fwp%2Fv2%2Fcategories&post=314764"},{"taxonomy":"post_tag","embeddable":true,"href":"https:\/\/primermomento.com\/index.php?rest_route=%2Fwp%2Fv2%2Ftags&post=314764"}],"curies":[{"name":"wp","href":"https:\/\/api.w.org\/{rel}","templated":true}]}}