{"id":314768,"date":"2019-01-31T20:51:53","date_gmt":"2019-02-01T00:51:53","guid":{"rendered":"http:\/\/primermomento.com\/?p=314768"},"modified":"2019-02-01T09:43:48","modified_gmt":"2019-02-01T13:43:48","slug":"bani-senador-wilton-guerrero-mintio-a-sociedad-civil","status":"publish","type":"post","link":"https:\/\/primermomento.com\/?p=314768","title":{"rendered":"BAN\u00cd | Senador Wilton Guerrero minti\u00f3 a la sociedad civil"},"content":{"rendered":"\n<p>BAN\u00cd, Rep\u00fablica Dominicana.- El senador Wilton Guerrero justific\u00f3 su ausencia en el encuentro \u00abPor una provincia que merecemos\u00bb, organizado por el Grupo de Comunicaciones Ortiz Ruiz, y el staff de periodistas y comunicadores de esta empresa, porque, supuestamente, ten\u00eda tres reuniones en diferentes comisiones en el Hemiciclo del Senado, este mi\u00e9rcoles 30 de enero, a pesar de que la invitaci\u00f3n para el evento en Ban\u00ed se le entreg\u00f3 el domingo 27 de enero.<\/p>\n\n\n\n<figure class=\"wp-block-image\"><img loading=\"lazy\" decoding=\"async\" width=\"845\" height=\"476\" src=\"http:\/\/primermomento.com\/wp-content\/uploads\/2019\/01\/encuentro-sociedad-civil1.jpg\" alt=\"\" class=\"wp-image-314769\" srcset=\"https:\/\/primermomento.com\/wp-content\/uploads\/2019\/01\/encuentro-sociedad-civil1.jpg 845w, https:\/\/primermomento.com\/wp-content\/uploads\/2019\/01\/encuentro-sociedad-civil1-300x169.jpg 300w, https:\/\/primermomento.com\/wp-content\/uploads\/2019\/01\/encuentro-sociedad-civil1-768x433.jpg 768w, https:\/\/primermomento.com\/wp-content\/uploads\/2019\/01\/encuentro-sociedad-civil1-478x270.jpg 478w, https:\/\/primermomento.com\/wp-content\/uploads\/2019\/01\/encuentro-sociedad-civil1-500x282.jpg 500w, https:\/\/primermomento.com\/wp-content\/uploads\/2019\/01\/encuentro-sociedad-civil1-280x158.jpg 280w, https:\/\/primermomento.com\/wp-content\/uploads\/2019\/01\/encuentro-sociedad-civil1-638x359.jpg 638w, https:\/\/primermomento.com\/wp-content\/uploads\/2019\/01\/encuentro-sociedad-civil1-118x66.jpg 118w, https:\/\/primermomento.com\/wp-content\/uploads\/2019\/01\/encuentro-sociedad-civil1-479x270.jpg 479w\" sizes=\"auto, (max-width: 845px) 100vw, 845px\" \/><\/figure>\n\n\n\n<p>Esta carta del senador Guerrero -fechada 29 de enero del 2019- enviada al Grupo de Comunicaciones Ortiz Ruiz lleg\u00f3 acompa\u00f1ada de tres anexos o soportes -con fecha del mismo d\u00eda 29- de las comisiones Permanente de Asuntos Agropecuarios y Agroindustriales; de Industria, Comercio y Zonas Francas; y de Hacienda, que presiden los senadores Amilcar Romero, Charles Mariotti Tapia y Rafael Calderon Mart\u00ednez, respectamente.<\/p>\n\n\n\n<p>En busca de informaciones para confirmar las tres reniones de trabajo en la C\u00e1mara alta, periodistas de este medio digital consultaron la p\u00e1gina web del Senado de la Rep\u00fablica, y pudieron confirmar que tales reuniones no estaban agendadas para la 1pm, 3pm y 5 pm de este mi\u00e9rcoles 30 de enero del 2019.<\/p>\n\n\n\n<p>Tambi\u00e9n, esta ma\u00f1ana, periodistas de este peri\u00f3dico electr\u00f3nico se comunicaron con un miembro del Congreso Nacional para verificar esta informaci\u00f3n, y la fuente, efectivamente, reafirm\u00f3 que solo estaba programada una reuni\u00f3n bicameral.<\/p>\n\n\n\n<p>La \u00fanica reuni\u00f3n este d\u00eda 30 de enero en el Senado de la Rep\u00fablica fue de una Subcomisi\u00f3n T\u00e9cnica designada por la comisi\u00f3n bicameral para analizar el siguiente expediente: Proyecto de ley de Comercio Mar\u00edtimo, presentado por el senador de San Juan de la Maguana, F\u00e9lix Bautista, en el sal\u00f3n de comisiones Pedro Francisco Bon\u00f3.<\/p>\n\n\n\n<p style=\"text-align:right\">Primer Momento<\/p>\n","protected":false},"excerpt":{"rendered":"<p>BAN\u00cd, Rep\u00fablica Dominicana.- El senador Wilton Guerrero justific\u00f3 su ausencia en el encuentro \u00abPor una provincia que merecemos\u00bb, organizado por el Grupo de Comunicaciones Ortiz Ruiz, y el staff de periodistas y comunicadores de esta empresa, porque, supuestamente, ten\u00eda tres reuniones en diferentes comisiones en el Hemiciclo del Senado, este mi\u00e9rcoles 30 de enero, a [&hellip;]<\/p>\n","protected":false},"author":1,"featured_media":0,"comment_status":"open","ping_status":"open","sticky":false,"template":"","format":"standard","meta":{"_bbp_topic_count":0,"_bbp_reply_count":0,"_bbp_total_topic_count":0,"_bbp_total_reply_count":0,"_bbp_voice_count":0,"_bbp_anonymous_reply_count":0,"_bbp_topic_count_hidden":0,"_bbp_reply_count_hidden":0,"_bbp_forum_subforum_count":0,"footnotes":""},"categories":[60,32],"tags":[],"class_list":{"0":"post-314768","1":"post","2":"type-post","3":"status-publish","4":"format-standard","6":"category-titulares-del-dia","7":"category-lo-ultimo"},"_links":{"self":[{"href":"https:\/\/primermomento.com\/index.php?rest_route=\/wp\/v2\/posts\/314768","targetHints":{"allow":["GET"]}}],"collection":[{"href":"https:\/\/primermomento.com\/index.php?rest_route=\/wp\/v2\/posts"}],"about":[{"href":"https:\/\/primermomento.com\/index.php?rest_route=\/wp\/v2\/types\/post"}],"author":[{"embeddable":true,"href":"https:\/\/primermomento.com\/index.php?rest_route=\/wp\/v2\/users\/1"}],"replies":[{"embeddable":true,"href":"https:\/\/primermomento.com\/index.php?rest_route=%2Fwp%2Fv2%2Fcomments&post=314768"}],"version-history":[{"count":8,"href":"https:\/\/primermomento.com\/index.php?rest_route=\/wp\/v2\/posts\/314768\/revisions"}],"predecessor-version":[{"id":314783,"href":"https:\/\/primermomento.com\/index.php?rest_route=\/wp\/v2\/posts\/314768\/revisions\/314783"}],"wp:attachment":[{"href":"https:\/\/primermomento.com\/index.php?rest_route=%2Fwp%2Fv2%2Fmedia&parent=314768"}],"wp:term":[{"taxonomy":"category","embeddable":true,"href":"https:\/\/primermomento.com\/index.php?rest_route=%2Fwp%2Fv2%2Fcategories&post=314768"},{"taxonomy":"post_tag","embeddable":true,"href":"https:\/\/primermomento.com\/index.php?rest_route=%2Fwp%2Fv2%2Ftags&post=314768"}],"curies":[{"name":"wp","href":"https:\/\/api.w.org\/{rel}","templated":true}]}}