{"id":314784,"date":"2019-02-01T18:55:23","date_gmt":"2019-02-01T22:55:23","guid":{"rendered":"http:\/\/primermomento.com\/?p=314784"},"modified":"2026-01-28T17:25:36","modified_gmt":"2026-01-28T22:25:36","slug":"bani-gobernadora-hace-desmentido-aclara-ausencia","status":"publish","type":"post","link":"https:\/\/primermomento.com\/?p=314784","title":{"rendered":"BAN\u00cd | Gobernadora hace desmentido; aclara ausencia"},"content":{"rendered":"\r\n<p>BAN\u00cd, Rep\u00fablica Dominicana.- La gobernadora Nelly Melo de Guerrero, aclar\u00f3 y reafirm\u00f3 que fue por una raz\u00f3n de salud que no pudo estar presente en el encuentro \u201cpor una provincia que merecemos\u201d patrocinada por el Grupo de Comunicaciones Ortiz Ruiz, y su staff de periodistas y comunicadores, efectuado la noche de este mi\u00e9rcoles 30 de enero.<\/p>\r\n\r\n\r\n\r\n<figure class=\"wp-block-image\"><img loading=\"lazy\" decoding=\"async\" width=\"1024\" height=\"683\" class=\"wp-image-288312\" src=\"http:\/\/primermomento.com\/wp-content\/uploads\/2017\/03\/Nelly-Melo-de-Guerrero2-1024x683.jpg\" alt=\"\" srcset=\"https:\/\/primermomento.com\/wp-content\/uploads\/2017\/03\/Nelly-Melo-de-Guerrero2-1024x683.jpg 1024w, https:\/\/primermomento.com\/wp-content\/uploads\/2017\/03\/Nelly-Melo-de-Guerrero2-300x200.jpg 300w, https:\/\/primermomento.com\/wp-content\/uploads\/2017\/03\/Nelly-Melo-de-Guerrero2-768x512.jpg 768w, https:\/\/primermomento.com\/wp-content\/uploads\/2017\/03\/Nelly-Melo-de-Guerrero2-73x50.jpg 73w, https:\/\/primermomento.com\/wp-content\/uploads\/2017\/03\/Nelly-Melo-de-Guerrero2-500x333.jpg 500w, https:\/\/primermomento.com\/wp-content\/uploads\/2017\/03\/Nelly-Melo-de-Guerrero2-280x187.jpg 280w, https:\/\/primermomento.com\/wp-content\/uploads\/2017\/03\/Nelly-Melo-de-Guerrero2-60x40.jpg 60w, https:\/\/primermomento.com\/wp-content\/uploads\/2017\/03\/Nelly-Melo-de-Guerrero2-638x425.jpg 638w, https:\/\/primermomento.com\/wp-content\/uploads\/2017\/03\/Nelly-Melo-de-Guerrero2-118x79.jpg 118w, https:\/\/primermomento.com\/wp-content\/uploads\/2017\/03\/Nelly-Melo-de-Guerrero2-479x319.jpg 479w, https:\/\/primermomento.com\/wp-content\/uploads\/2017\/03\/Nelly-Melo-de-Guerrero2.jpg 1140w\" sizes=\"auto, (max-width: 1024px) 100vw, 1024px\" \/>\r\n<figcaption>Nelly Melo de Guerrero, con su pergamino de reconocimiento por sus m\u00e9ritos como mujer luchadora. Foto archivo | RRPP Gobernaci\u00f3n provincia Peravia.<\/figcaption>\r\n<\/figure>\r\n\r\n\r\n\r\n<p>En la tarde de ese d\u00eda mi\u00e9rcoles, la representante del Poder Ejecutivo viaj\u00f3 a Santo Domingo a cumplir con una cita m\u00e9dica. Posteriormente, Nelly Melo de Guerrero regres\u00f3 a su hogar donde se mantuvo recluida por recomendaci\u00f3n m\u00e9dica<\/p>\r\n\r\n\r\n\r\n<p>Tras conversar -v\u00eda telef\u00f3nica- con este medio electr\u00f3nico, Nelly Melo de Guerrero ripost\u00f3 la informaci\u00f3n de que ella desatendi\u00f3 el llamado de la sociedad civil. \u00abYo habl\u00e9 con el obispo V\u00edctor Masalles y con Arsenio Ortiz sobre mi condici\u00f3n m\u00e9dica\u00bb.<\/p>\r\n\r\n\r\n\r\n<p>Este portal digital se hab\u00eda hecho eco de varias fotograf\u00edas colgadas en la red social de Facebook, en la que, supuestamente, la gobernadora se encontraba en el Distrito Municipal de Santana compartiendo con Yeison Producci\u00f3n, Vantroi Suazo y El Jevito.<\/p>\r\n\r\n\r\n\r\n<p>Yeison Producci\u00f3n hab\u00eda escrito el siguiente mensaje en la red: \u201cGracias a la Gobernadora de la Provincia Peravia la Sra. Nelly Melo de Guerrero, por invitarnos a conversar de diferentes temas de la Provincia y de nuestro Distrito Municipal de Santana donde les planteamos algunas soluciones para segir mejorando en nuestro Pueblo de Santana\u201d.<\/p>\r\n\r\n\r\n\r\n<p>Obviamente, Yeison hab\u00eda dado las gracias a la gobernadora por invitarlo a \u00e9l y a los otros dos j\u00f3venes, por lo que se instuye que Nelly Melo de Guerrero se encontraba en su residencia aquejada de salud.<\/p>\r\n\r\n\r\n\r\n<p>Precisamente, debido a las fotos, que fueron subidas a la red de Facebook en el mismo momento en que se llevaba a cabo el encuentro, se crey\u00f3 que la gobernadora no asisti\u00f3 porque se encontraba en el Distrito Municipal de Santana.<\/p>\r\n\r\n\r\n\r\n<p>Al ejercer su derecho a r\u00e9plica, la gobernadora explic\u00f3 que se trat\u00f3 de una desinformaci\u00f3n.<\/p>\r\n\r\n\r\n\r\n<p>Muchos de los participantes echaron de menos a Melo de Guerrero en el encuentro porque ella es una funcionaria clave en la toma de decisiones en la soluci\u00f3n de los males de la provincia Peravia.<\/p>\r\n\r\n\r\n\r\n<p style=\"text-align: right;\"><span style=\"color: #ff0000;\">Primer<\/span> Momento<\/p>\r\n","protected":false},"excerpt":{"rendered":"<p>BAN\u00cd, Rep\u00fablica Dominicana.- La gobernadora Nelly Melo de Guerrero, aclar\u00f3 y reafirm\u00f3 que fue por una raz\u00f3n de salud que no pudo estar presente en el encuentro \u201cpor una provincia que merecemos\u201d patrocinada por el Grupo de Comunicaciones Ortiz Ruiz, y su staff de periodistas y comunicadores, efectuado la noche de este mi\u00e9rcoles 30 de [&hellip;]<\/p>\n","protected":false},"author":1,"featured_media":0,"comment_status":"open","ping_status":"open","sticky":false,"template":"","format":"standard","meta":{"_bbp_topic_count":0,"_bbp_reply_count":0,"_bbp_total_topic_count":0,"_bbp_total_reply_count":0,"_bbp_voice_count":0,"_bbp_anonymous_reply_count":0,"_bbp_topic_count_hidden":0,"_bbp_reply_count_hidden":0,"_bbp_forum_subforum_count":0,"footnotes":""},"categories":[30,60],"tags":[],"class_list":{"0":"post-314784","1":"post","2":"type-post","3":"status-publish","4":"format-standard","6":"category-actualidad","7":"category-titulares-del-dia"},"_links":{"self":[{"href":"https:\/\/primermomento.com\/index.php?rest_route=\/wp\/v2\/posts\/314784","targetHints":{"allow":["GET"]}}],"collection":[{"href":"https:\/\/primermomento.com\/index.php?rest_route=\/wp\/v2\/posts"}],"about":[{"href":"https:\/\/primermomento.com\/index.php?rest_route=\/wp\/v2\/types\/post"}],"author":[{"embeddable":true,"href":"https:\/\/primermomento.com\/index.php?rest_route=\/wp\/v2\/users\/1"}],"replies":[{"embeddable":true,"href":"https:\/\/primermomento.com\/index.php?rest_route=%2Fwp%2Fv2%2Fcomments&post=314784"}],"version-history":[{"count":8,"href":"https:\/\/primermomento.com\/index.php?rest_route=\/wp\/v2\/posts\/314784\/revisions"}],"predecessor-version":[{"id":459900,"href":"https:\/\/primermomento.com\/index.php?rest_route=\/wp\/v2\/posts\/314784\/revisions\/459900"}],"wp:attachment":[{"href":"https:\/\/primermomento.com\/index.php?rest_route=%2Fwp%2Fv2%2Fmedia&parent=314784"}],"wp:term":[{"taxonomy":"category","embeddable":true,"href":"https:\/\/primermomento.com\/index.php?rest_route=%2Fwp%2Fv2%2Fcategories&post=314784"},{"taxonomy":"post_tag","embeddable":true,"href":"https:\/\/primermomento.com\/index.php?rest_route=%2Fwp%2Fv2%2Ftags&post=314784"}],"curies":[{"name":"wp","href":"https:\/\/api.w.org\/{rel}","templated":true}]}}