{"id":314788,"date":"2019-02-01T18:05:47","date_gmt":"2019-02-01T22:05:47","guid":{"rendered":"http:\/\/primermomento.com\/?p=314788"},"modified":"2019-02-01T21:16:08","modified_gmt":"2019-02-02T01:16:08","slug":"bani-centro-uasd-da-la-bienvenida-a-nuevo-semestre","status":"publish","type":"post","link":"https:\/\/primermomento.com\/?p=314788","title":{"rendered":"BAN\u00cd | Centro UASD da la bienvenida a nuevo semestre"},"content":{"rendered":"\n<p>BAN\u00cd, Rep\u00fablica Dominicana.- El Centro UASD-Ban\u00ed, dio la bienvenida a los estudiantes y al nuevo semestre con un acto en el Cine Teatro Vaganiona, organizado por la Direcci\u00f3n y Unidad de Orientaci\u00f3n de esa alta casa de estudios.<\/p>\n\n\n\n<figure class=\"wp-block-image\"><img loading=\"lazy\" decoding=\"async\" width=\"634\" height=\"405\" src=\"http:\/\/primermomento.com\/wp-content\/uploads\/2019\/02\/Juan-Hernandez-UASD.jpg\" alt=\"\" class=\"wp-image-314789\" srcset=\"https:\/\/primermomento.com\/wp-content\/uploads\/2019\/02\/Juan-Hernandez-UASD.jpg 634w, https:\/\/primermomento.com\/wp-content\/uploads\/2019\/02\/Juan-Hernandez-UASD-300x192.jpg 300w, https:\/\/primermomento.com\/wp-content\/uploads\/2019\/02\/Juan-Hernandez-UASD-500x319.jpg 500w, https:\/\/primermomento.com\/wp-content\/uploads\/2019\/02\/Juan-Hernandez-UASD-280x179.jpg 280w, https:\/\/primermomento.com\/wp-content\/uploads\/2019\/02\/Juan-Hernandez-UASD-118x75.jpg 118w, https:\/\/primermomento.com\/wp-content\/uploads\/2019\/02\/Juan-Hernandez-UASD-479x306.jpg 479w\" sizes=\"auto, (max-width: 634px) 100vw, 634px\" \/><figcaption>Juan Hern\u00e1ndez, director del Centro UASD-Ban\u00ed, durante su discurso<\/figcaption><\/figure>\n\n\n\n<p>En la ceremonia de apertura se entonaron las notas de los himnos Nacional y Universitario, con la mesa de honor, y las palabras de bienvenida estuvieron a cargo de la maestra Luz del Alba Diroci\u00e9 Encarnaci\u00f3n, subdirectora del Centro. <\/p>\n\n\n\n<p>Luego, Edyy Concepci\u00f3n, presidente de la Asociaci\u00f3n de estudiantes universitarios, se dirigi\u00f3 a sus compa\u00f1eros universitarios.<\/p>\n\n\n\n<p>En la actividad tambi\u00e9n hubo una presentaci\u00f3n art\u00edstica a cargo del ballet folcl\u00f3rico Esencia Banileja, palabras para incentiva al p\u00fablico a cargo del maestro Rafael Roa Pimentel, presidente de la Asociaci\u00f3n de Profesores UASD Ban\u00ed.<\/p>\n\n\n\n<p>La licenciada Liseloth Arias, presidenta del Patronato de Apoyo al Centro UASD Ban\u00ed se dirigi\u00f3 a los presentes con un mensaje de optimismo.<\/p>\n\n\n\n<p>El discurso central lo pronunci\u00f3 el maestro Juan Hern\u00e1ndez, director del Centro UASD Ban\u00ed, quien adem\u00e1s clausur\u00f3 el acto con la presentaci\u00f3n art\u00edstica del mismo grupo cultural.<\/p>\n\n\n\n<p><\/p>\n\n\n\n<p style=\"text-align:right\">Primer Momento<\/p>\n","protected":false},"excerpt":{"rendered":"<p>BAN\u00cd, Rep\u00fablica Dominicana.- El Centro UASD-Ban\u00ed, dio la bienvenida a los estudiantes y al nuevo semestre con un acto en el Cine Teatro Vaganiona, organizado por la Direcci\u00f3n y Unidad de Orientaci\u00f3n de esa alta casa de estudios. En la ceremonia de apertura se entonaron las notas de los himnos Nacional y Universitario, con la [&hellip;]<\/p>\n","protected":false},"author":1,"featured_media":0,"comment_status":"open","ping_status":"open","sticky":false,"template":"","format":"standard","meta":{"_bbp_topic_count":0,"_bbp_reply_count":0,"_bbp_total_topic_count":0,"_bbp_total_reply_count":0,"_bbp_voice_count":0,"_bbp_anonymous_reply_count":0,"_bbp_topic_count_hidden":0,"_bbp_reply_count_hidden":0,"_bbp_forum_subforum_count":0,"footnotes":""},"categories":[30,60],"tags":[],"class_list":{"0":"post-314788","1":"post","2":"type-post","3":"status-publish","4":"format-standard","6":"category-actualidad","7":"category-titulares-del-dia"},"_links":{"self":[{"href":"https:\/\/primermomento.com\/index.php?rest_route=\/wp\/v2\/posts\/314788","targetHints":{"allow":["GET"]}}],"collection":[{"href":"https:\/\/primermomento.com\/index.php?rest_route=\/wp\/v2\/posts"}],"about":[{"href":"https:\/\/primermomento.com\/index.php?rest_route=\/wp\/v2\/types\/post"}],"author":[{"embeddable":true,"href":"https:\/\/primermomento.com\/index.php?rest_route=\/wp\/v2\/users\/1"}],"replies":[{"embeddable":true,"href":"https:\/\/primermomento.com\/index.php?rest_route=%2Fwp%2Fv2%2Fcomments&post=314788"}],"version-history":[{"count":3,"href":"https:\/\/primermomento.com\/index.php?rest_route=\/wp\/v2\/posts\/314788\/revisions"}],"predecessor-version":[{"id":314798,"href":"https:\/\/primermomento.com\/index.php?rest_route=\/wp\/v2\/posts\/314788\/revisions\/314798"}],"wp:attachment":[{"href":"https:\/\/primermomento.com\/index.php?rest_route=%2Fwp%2Fv2%2Fmedia&parent=314788"}],"wp:term":[{"taxonomy":"category","embeddable":true,"href":"https:\/\/primermomento.com\/index.php?rest_route=%2Fwp%2Fv2%2Fcategories&post=314788"},{"taxonomy":"post_tag","embeddable":true,"href":"https:\/\/primermomento.com\/index.php?rest_route=%2Fwp%2Fv2%2Ftags&post=314788"}],"curies":[{"name":"wp","href":"https:\/\/api.w.org\/{rel}","templated":true}]}}