{"id":314793,"date":"2019-02-01T16:28:42","date_gmt":"2019-02-01T20:28:42","guid":{"rendered":"http:\/\/primermomento.com\/?p=314793"},"modified":"2019-02-01T19:46:04","modified_gmt":"2019-02-01T23:46:04","slug":"bani-defensa-apelara-caso-buche-porque-fue-sometido-a-torturas","status":"publish","type":"post","link":"https:\/\/primermomento.com\/?p=314793","title":{"rendered":"BAN\u00cd | Defensa apelar\u00e1 caso Buche porque fue sometido a \u201ctorturas\u00bb"},"content":{"rendered":"\n<p> BAN\u00cd, Rep\u00fablica Dominicana.- La defensa de Rafael Antonio D\u00edaz (Buche), presunto asesino del coronel Daniel Ramos \u00c1lvarez, hecho ocurrido en un punto de drogas, en el sector Santa Cruz de este municipio, apelar\u00e1 la medida de coerci\u00f3n que le impuso a su cliente porque fue sometido a \u201ctorturas\u201d por la Polic\u00eda.<\/p>\n\n\n\n<figure class=\"wp-block-image\"><img loading=\"lazy\" decoding=\"async\" width=\"640\" height=\"480\" src=\"http:\/\/primermomento.com\/wp-content\/uploads\/2017\/07\/Jorge-de-los-Santos3.jpg\" alt=\"\" class=\"wp-image-291981\" srcset=\"https:\/\/primermomento.com\/wp-content\/uploads\/2017\/07\/Jorge-de-los-Santos3.jpg 640w, https:\/\/primermomento.com\/wp-content\/uploads\/2017\/07\/Jorge-de-los-Santos3-300x225.jpg 300w, https:\/\/primermomento.com\/wp-content\/uploads\/2017\/07\/Jorge-de-los-Santos3-120x90.jpg 120w, https:\/\/primermomento.com\/wp-content\/uploads\/2017\/07\/Jorge-de-los-Santos3-500x375.jpg 500w, https:\/\/primermomento.com\/wp-content\/uploads\/2017\/07\/Jorge-de-los-Santos3-280x210.jpg 280w, https:\/\/primermomento.com\/wp-content\/uploads\/2017\/07\/Jorge-de-los-Santos3-638x479.jpg 638w, https:\/\/primermomento.com\/wp-content\/uploads\/2017\/07\/Jorge-de-los-Santos3-118x89.jpg 118w, https:\/\/primermomento.com\/wp-content\/uploads\/2017\/07\/Jorge-de-los-Santos3-479x359.jpg 479w\" sizes=\"auto, (max-width: 640px) 100vw, 640px\" \/><figcaption>Jorge de los Santos, reconocido abogado penalista. Foto archivo | Primer Momento.<\/figcaption><\/figure>\n\n\n\n<p>El abogado penalista Jorge de los Santos, cree que el dictamen evacuado por la magistrada Rosaura Lorenzo Garabito fue injustificado.<\/p>\n\n\n\n<p>En opini\u00f3n de la defensa \u201cBuche\u201d y los otros sospechosos fueron sometidos a torturas por la Polic\u00eda para que confesaran su participaci\u00f3n en la muerte del coronel Ramos \u00c1lvarez, el pasado 8 de enero.<\/p>\n\n\n\n<p>\u00abResponsabilizo al Ministerio P\u00fablico de la seguridad de \u201cBuche\u201d y dem\u00e1s implicados en la muerte del coronel policial, y reiter\u00f3 que su cliente no se encontraba en el lugar cuando fue abatido el coronel\u00bb, enfatiz\u00f3 Jorge de los Santos.<\/p>\n\n\n\n<p>-A mi defendido la Polic\u00eda le coloc\u00f3 una funda negra en la cabeza y lo golpe\u00f3 para que confesara su participaci\u00f3n en el crimen del oficial del cuerpo del orden -sentenci\u00f3 Jorge de los Santos.<\/p>\n\n\n\n<p>\u201cMuerto el perro se acab\u00f3 la rabia. Eso es lo que quieren, mandarme pa\u2019 Najayo, que me ejecuten y que nunca se sepa la verdad del caso\u201d, expres\u00f3  \u201cBuche\u201d durante la audiencia de medidas de coerci\u00f3n en la que se declar\u00f3 inocente de matar al coronel Ramos \u00c1lvarez.<\/p>\n\n\n\n<p>El pedido del Ministerio P\u00fablico de que el caso se declarara complejo, fue aceptado por la juez Lorenzo Garabito quien impuso un a\u00f1o de prisi\u00f3n preventiva en la c\u00e1rcel de Ban\u00ed a Buche junto a Luis Miguel Santana y\/o Walter Antonio Moreta Villalona (El Chamo) y Esteven Milc\u00edades Ru\u00edz Gonz\u00e1lez (Chiquito o Malaf\u00e9).<\/p>\n\n\n\n<p style=\"text-align:right\">Primer Momento<\/p>\n","protected":false},"excerpt":{"rendered":"<p>BAN\u00cd, Rep\u00fablica Dominicana.- La defensa de Rafael Antonio D\u00edaz (Buche), presunto asesino del coronel Daniel Ramos \u00c1lvarez, hecho ocurrido en un punto de drogas, en el sector Santa Cruz de este municipio, apelar\u00e1 la medida de coerci\u00f3n que le impuso a su cliente porque fue sometido a \u201ctorturas\u201d por la Polic\u00eda. El abogado penalista Jorge [&hellip;]<\/p>\n","protected":false},"author":1,"featured_media":0,"comment_status":"open","ping_status":"open","sticky":false,"template":"","format":"standard","meta":{"_bbp_topic_count":0,"_bbp_reply_count":0,"_bbp_total_topic_count":0,"_bbp_total_reply_count":0,"_bbp_voice_count":0,"_bbp_anonymous_reply_count":0,"_bbp_topic_count_hidden":0,"_bbp_reply_count_hidden":0,"_bbp_forum_subforum_count":0,"footnotes":""},"categories":[60,32],"tags":[],"class_list":{"0":"post-314793","1":"post","2":"type-post","3":"status-publish","4":"format-standard","6":"category-titulares-del-dia","7":"category-lo-ultimo"},"_links":{"self":[{"href":"https:\/\/primermomento.com\/index.php?rest_route=\/wp\/v2\/posts\/314793","targetHints":{"allow":["GET"]}}],"collection":[{"href":"https:\/\/primermomento.com\/index.php?rest_route=\/wp\/v2\/posts"}],"about":[{"href":"https:\/\/primermomento.com\/index.php?rest_route=\/wp\/v2\/types\/post"}],"author":[{"embeddable":true,"href":"https:\/\/primermomento.com\/index.php?rest_route=\/wp\/v2\/users\/1"}],"replies":[{"embeddable":true,"href":"https:\/\/primermomento.com\/index.php?rest_route=%2Fwp%2Fv2%2Fcomments&post=314793"}],"version-history":[{"count":1,"href":"https:\/\/primermomento.com\/index.php?rest_route=\/wp\/v2\/posts\/314793\/revisions"}],"predecessor-version":[{"id":314794,"href":"https:\/\/primermomento.com\/index.php?rest_route=\/wp\/v2\/posts\/314793\/revisions\/314794"}],"wp:attachment":[{"href":"https:\/\/primermomento.com\/index.php?rest_route=%2Fwp%2Fv2%2Fmedia&parent=314793"}],"wp:term":[{"taxonomy":"category","embeddable":true,"href":"https:\/\/primermomento.com\/index.php?rest_route=%2Fwp%2Fv2%2Fcategories&post=314793"},{"taxonomy":"post_tag","embeddable":true,"href":"https:\/\/primermomento.com\/index.php?rest_route=%2Fwp%2Fv2%2Ftags&post=314793"}],"curies":[{"name":"wp","href":"https:\/\/api.w.org\/{rel}","templated":true}]}}