{"id":314801,"date":"2019-02-02T18:20:17","date_gmt":"2019-02-02T22:20:17","guid":{"rendered":"http:\/\/primermomento.com\/?p=314801"},"modified":"2019-02-02T18:20:18","modified_gmt":"2019-02-02T22:20:18","slug":"bani-anuncian-nuevas-rutas-y-dias-de-recogida-de-basura","status":"publish","type":"post","link":"https:\/\/primermomento.com\/?p=314801","title":{"rendered":"BAN\u00cd | Anuncian nuevas rutas y d\u00edas de recogida de basura"},"content":{"rendered":"\n<p> BAN\u00cd, Rep\u00fablica Dominicana.- El Ayuntamiento de aqu\u00ed, implementar\u00e1 nuevas rutas y d\u00edas para la recogida de basura en la parte sur del municipio, a partir del lunes 4 de febrero.<\/p>\n\n\n\n<figure class=\"wp-block-image\"><img loading=\"lazy\" decoding=\"async\" width=\"640\" height=\"480\" src=\"http:\/\/primermomento.com\/wp-content\/uploads\/2019\/02\/camiones-de-basura.jpg\" alt=\"\" class=\"wp-image-314802\" srcset=\"https:\/\/primermomento.com\/wp-content\/uploads\/2019\/02\/camiones-de-basura.jpg 640w, https:\/\/primermomento.com\/wp-content\/uploads\/2019\/02\/camiones-de-basura-300x225.jpg 300w, https:\/\/primermomento.com\/wp-content\/uploads\/2019\/02\/camiones-de-basura-120x90.jpg 120w, https:\/\/primermomento.com\/wp-content\/uploads\/2019\/02\/camiones-de-basura-500x375.jpg 500w, https:\/\/primermomento.com\/wp-content\/uploads\/2019\/02\/camiones-de-basura-280x210.jpg 280w, https:\/\/primermomento.com\/wp-content\/uploads\/2019\/02\/camiones-de-basura-638x479.jpg 638w, https:\/\/primermomento.com\/wp-content\/uploads\/2019\/02\/camiones-de-basura-118x89.jpg 118w, https:\/\/primermomento.com\/wp-content\/uploads\/2019\/02\/camiones-de-basura-479x359.jpg 479w\" sizes=\"auto, (max-width: 640px) 100vw, 640px\" \/><\/figure>\n\n\n\n<p>El anuncio lo hizo el alcalde Nelson Camilo Landestoy, y la directora de Medio Ambiente de la municipalidad, Shirley Burgos, durante un acto en el que tambi\u00e9n se exhibieron las nuevas unidades de transporte -vehiculos usados-, uniformes a trabajadores de ornato y limpieza, y premiaci\u00f3n a las escuelas Santa Rosa y El Fundo por sus trabajos sobre el reciclaje consistente en 100 mil y 50 mil pesos.<\/p>\n\n\n\n<p>Landestoy inform\u00f3, adem\u00e1s, de la compra de ocho monitores de vigilancia -o GPS en los camiones-, y una campa\u00f1a de orientaci\u00f3n sobre el uso de la basura. \u00abHemos ido a escuelas y juntas de vecinos a orientar a los ni\u00f1os sobre c\u00f3mo recoger los desperdicios\u00bb.<\/p>\n\n\n\n<p>Los sectores que ser\u00e1n beneficiados con las nuevas rutas son Gast\u00f3n F. Deligne, Canela Mota, Cambronal, Wladislao Guerrero,16 de agosto, Beller, Juan Caballero, Duverg\u00e9, Santom\u00e9, Mella, Nuestra Se\u00f1ora de Regla, Joaqu\u00edn Inch\u00e1ustegui y Restauraci\u00f3n, que tendr\u00e1n recogida de basura los d\u00edas lunes, mi\u00e9rcoles y viernes, de 7 a 10 de la ma\u00f1ana.<\/p>\n\n\n\n<p>Mientras que en los residenciales BHD, Valera Guzm\u00e1n, Margarita y Costa Sur, los camiones pasar\u00e1n los d\u00edas martes y viernes, desde las 10 de la ma\u00f1ana hasta que termine la recogida de basura.<\/p>\n\n\n\n<p>Los residenciales Los Maestros y Peravia tendr\u00e1n el servicio de recogida de basura los d\u00edas lunes y jueves. En tanto Los Pescadores, Villa Real, Mar\u00eda Carmen I y II y Palo Blanco contar\u00e1n con el aseo urbano los d\u00edas martes y viernes. El residencial Laurel, M\u00e1ximo G\u00f3mez y Riviera del Sur los d\u00edas lunes y jueves.<\/p>\n\n\n\n<p>La directora de Medio Ambiente, Shirley Burgos, dijo que todas estas rutas ser\u00e1n cubiertas con los camiones que est\u00e1n entregando.<\/p>\n\n\n\n<p>Burgos explic\u00f3 la recolecci\u00f3n de residuos s\u00f3lidos es un trabajo mano a mano -50-50-, en el que hay que involucrar a toda la poblaci\u00f3n en las forma y el manejo correcto de los desechos.<\/p>\n\n\n\n<p>El plan incluye recipientes pl\u00e1sticos y 800 tanques que ser\u00e1n ubicados en sitios puntuales.<\/p>\n\n\n\n<p style=\"text-align:right\">Primer Momento<\/p>\n","protected":false},"excerpt":{"rendered":"<p>BAN\u00cd, Rep\u00fablica Dominicana.- El Ayuntamiento de aqu\u00ed, implementar\u00e1 nuevas rutas y d\u00edas para la recogida de basura en la parte sur del municipio, a partir del lunes 4 de febrero. El anuncio lo hizo el alcalde Nelson Camilo Landestoy, y la directora de Medio Ambiente de la municipalidad, Shirley Burgos, durante un acto en el [&hellip;]<\/p>\n","protected":false},"author":1,"featured_media":0,"comment_status":"open","ping_status":"open","sticky":false,"template":"","format":"standard","meta":{"_bbp_topic_count":0,"_bbp_reply_count":0,"_bbp_total_topic_count":0,"_bbp_total_reply_count":0,"_bbp_voice_count":0,"_bbp_anonymous_reply_count":0,"_bbp_topic_count_hidden":0,"_bbp_reply_count_hidden":0,"_bbp_forum_subforum_count":0,"footnotes":""},"categories":[30,60],"tags":[],"class_list":{"0":"post-314801","1":"post","2":"type-post","3":"status-publish","4":"format-standard","6":"category-actualidad","7":"category-titulares-del-dia"},"_links":{"self":[{"href":"https:\/\/primermomento.com\/index.php?rest_route=\/wp\/v2\/posts\/314801","targetHints":{"allow":["GET"]}}],"collection":[{"href":"https:\/\/primermomento.com\/index.php?rest_route=\/wp\/v2\/posts"}],"about":[{"href":"https:\/\/primermomento.com\/index.php?rest_route=\/wp\/v2\/types\/post"}],"author":[{"embeddable":true,"href":"https:\/\/primermomento.com\/index.php?rest_route=\/wp\/v2\/users\/1"}],"replies":[{"embeddable":true,"href":"https:\/\/primermomento.com\/index.php?rest_route=%2Fwp%2Fv2%2Fcomments&post=314801"}],"version-history":[{"count":1,"href":"https:\/\/primermomento.com\/index.php?rest_route=\/wp\/v2\/posts\/314801\/revisions"}],"predecessor-version":[{"id":314803,"href":"https:\/\/primermomento.com\/index.php?rest_route=\/wp\/v2\/posts\/314801\/revisions\/314803"}],"wp:attachment":[{"href":"https:\/\/primermomento.com\/index.php?rest_route=%2Fwp%2Fv2%2Fmedia&parent=314801"}],"wp:term":[{"taxonomy":"category","embeddable":true,"href":"https:\/\/primermomento.com\/index.php?rest_route=%2Fwp%2Fv2%2Fcategories&post=314801"},{"taxonomy":"post_tag","embeddable":true,"href":"https:\/\/primermomento.com\/index.php?rest_route=%2Fwp%2Fv2%2Ftags&post=314801"}],"curies":[{"name":"wp","href":"https:\/\/api.w.org\/{rel}","templated":true}]}}