{"id":314804,"date":"2019-02-02T18:46:06","date_gmt":"2019-02-02T22:46:06","guid":{"rendered":"http:\/\/primermomento.com\/?p=314804"},"modified":"2019-02-02T18:46:08","modified_gmt":"2019-02-02T22:46:08","slug":"bani-muere-trabajador-electrocutado","status":"publish","type":"post","link":"https:\/\/primermomento.com\/?p=314804","title":{"rendered":"BAN\u00cd | Muere trabajador electrocutado"},"content":{"rendered":"\n<p>BAN\u00cd, Rep\u00fablica Dominicana.- Un trabajador muri\u00f3 electrocutado cuando estaba pintando un edificio en la calle Manolo Tavares Justo, en el barrio Mar\u00eda Carlita, en este municipio.<\/p>\n\n\n\n<figure class=\"wp-block-image\"><img loading=\"lazy\" decoding=\"async\" width=\"675\" height=\"459\" src=\"http:\/\/primermomento.com\/wp-content\/uploads\/2019\/02\/pintor-muerto.jpg\" alt=\"\" class=\"wp-image-314806\" srcset=\"https:\/\/primermomento.com\/wp-content\/uploads\/2019\/02\/pintor-muerto.jpg 675w, https:\/\/primermomento.com\/wp-content\/uploads\/2019\/02\/pintor-muerto-300x204.jpg 300w, https:\/\/primermomento.com\/wp-content\/uploads\/2019\/02\/pintor-muerto-73x50.jpg 73w, https:\/\/primermomento.com\/wp-content\/uploads\/2019\/02\/pintor-muerto-500x340.jpg 500w, https:\/\/primermomento.com\/wp-content\/uploads\/2019\/02\/pintor-muerto-280x190.jpg 280w, https:\/\/primermomento.com\/wp-content\/uploads\/2019\/02\/pintor-muerto-60x40.jpg 60w, https:\/\/primermomento.com\/wp-content\/uploads\/2019\/02\/pintor-muerto-638x434.jpg 638w, https:\/\/primermomento.com\/wp-content\/uploads\/2019\/02\/pintor-muerto-118x80.jpg 118w, https:\/\/primermomento.com\/wp-content\/uploads\/2019\/02\/pintor-muerto-479x326.jpg 479w\" sizes=\"auto, (max-width: 675px) 100vw, 675px\" \/><\/figure>\n\n\n\n<p>El occiso respond\u00eda al nombre de Quirico Osnel F\u00e9lix, de 56 a\u00f1os de edad, residente en la calle Joaqu\u00edn Inch\u00e1ustegui n\u00famero 6, del sector Villa Majega.<\/p>\n\n\n\n<p>Aparentemente, el hombre hizo contacto con un cable el\u00e9ctrico de alta tensi\u00f3n cuando pintaba el inmueble.<\/p>\n\n\n\n<p>Sufri\u00f3 quemaduras de primero, segundo y tercer grado, y se precipit\u00f3 a tierra, resultando con trauma cr\u00e1neo facial severo, fractura frontal en el maxilar superior nasal, otorragia y lesi\u00f3n en el cr\u00e1neo.<\/p>\n\n\n\n<p>El m\u00e9dico legista Walter L\u00f3pez, acompa\u00f1ado de un fiscal y varios agentes policiales, hizo el levantamiento del cad\u00e1ver, que fue entregado a sus familiares para su velatorio.<\/p>\n\n\n\n<p style=\"text-align:right\">Primer Momento<\/p>\n","protected":false},"excerpt":{"rendered":"<p>BAN\u00cd, Rep\u00fablica Dominicana.- Un trabajador muri\u00f3 electrocutado cuando estaba pintando un edificio en la calle Manolo Tavares Justo, en el barrio Mar\u00eda Carlita, en este municipio. El occiso respond\u00eda al nombre de Quirico Osnel F\u00e9lix, de 56 a\u00f1os de edad, residente en la calle Joaqu\u00edn Inch\u00e1ustegui n\u00famero 6, del sector Villa Majega. Aparentemente, el hombre [&hellip;]<\/p>\n","protected":false},"author":1,"featured_media":0,"comment_status":"open","ping_status":"open","sticky":false,"template":"","format":"standard","meta":{"_bbp_topic_count":0,"_bbp_reply_count":0,"_bbp_total_topic_count":0,"_bbp_total_reply_count":0,"_bbp_voice_count":0,"_bbp_anonymous_reply_count":0,"_bbp_topic_count_hidden":0,"_bbp_reply_count_hidden":0,"_bbp_forum_subforum_count":0,"footnotes":""},"categories":[30,60],"tags":[],"class_list":{"0":"post-314804","1":"post","2":"type-post","3":"status-publish","4":"format-standard","6":"category-actualidad","7":"category-titulares-del-dia"},"_links":{"self":[{"href":"https:\/\/primermomento.com\/index.php?rest_route=\/wp\/v2\/posts\/314804","targetHints":{"allow":["GET"]}}],"collection":[{"href":"https:\/\/primermomento.com\/index.php?rest_route=\/wp\/v2\/posts"}],"about":[{"href":"https:\/\/primermomento.com\/index.php?rest_route=\/wp\/v2\/types\/post"}],"author":[{"embeddable":true,"href":"https:\/\/primermomento.com\/index.php?rest_route=\/wp\/v2\/users\/1"}],"replies":[{"embeddable":true,"href":"https:\/\/primermomento.com\/index.php?rest_route=%2Fwp%2Fv2%2Fcomments&post=314804"}],"version-history":[{"count":1,"href":"https:\/\/primermomento.com\/index.php?rest_route=\/wp\/v2\/posts\/314804\/revisions"}],"predecessor-version":[{"id":314807,"href":"https:\/\/primermomento.com\/index.php?rest_route=\/wp\/v2\/posts\/314804\/revisions\/314807"}],"wp:attachment":[{"href":"https:\/\/primermomento.com\/index.php?rest_route=%2Fwp%2Fv2%2Fmedia&parent=314804"}],"wp:term":[{"taxonomy":"category","embeddable":true,"href":"https:\/\/primermomento.com\/index.php?rest_route=%2Fwp%2Fv2%2Fcategories&post=314804"},{"taxonomy":"post_tag","embeddable":true,"href":"https:\/\/primermomento.com\/index.php?rest_route=%2Fwp%2Fv2%2Ftags&post=314804"}],"curies":[{"name":"wp","href":"https:\/\/api.w.org\/{rel}","templated":true}]}}