{"id":314808,"date":"2019-02-03T19:01:21","date_gmt":"2019-02-03T23:01:21","guid":{"rendered":"http:\/\/primermomento.com\/?p=314808"},"modified":"2019-02-03T19:01:22","modified_gmt":"2019-02-03T23:01:22","slug":"bani-expresidente-fernandez-promete-construir-ciudad-universitaria","status":"publish","type":"post","link":"https:\/\/primermomento.com\/?p=314808","title":{"rendered":"BAN\u00cd | Expresidente Fern\u00e1ndez promete construir ciudad universitaria"},"content":{"rendered":"\n<p> BAN\u00cd, Rep\u00fablica Dominicana.- El expresidente Leonel Fern\u00e1ndez prometi\u00f3, en caso de llegar nuevamente al Palacio Nacional, construir la ciudad universitaria, y la avenida circunvalaci\u00f3n, dos obras muy demandadas en la provincia Peravia.<\/p>\n\n\n\n<figure class=\"wp-block-image\"><img loading=\"lazy\" decoding=\"async\" width=\"640\" height=\"480\" src=\"http:\/\/primermomento.com\/wp-content\/uploads\/2019\/02\/Leonel-Fernandez-Liseloth-Arias-y-Bienvenido-Montero.jpg\" alt=\"\" class=\"wp-image-314809\" srcset=\"https:\/\/primermomento.com\/wp-content\/uploads\/2019\/02\/Leonel-Fernandez-Liseloth-Arias-y-Bienvenido-Montero.jpg 640w, https:\/\/primermomento.com\/wp-content\/uploads\/2019\/02\/Leonel-Fernandez-Liseloth-Arias-y-Bienvenido-Montero-300x225.jpg 300w, https:\/\/primermomento.com\/wp-content\/uploads\/2019\/02\/Leonel-Fernandez-Liseloth-Arias-y-Bienvenido-Montero-120x90.jpg 120w, https:\/\/primermomento.com\/wp-content\/uploads\/2019\/02\/Leonel-Fernandez-Liseloth-Arias-y-Bienvenido-Montero-500x375.jpg 500w, https:\/\/primermomento.com\/wp-content\/uploads\/2019\/02\/Leonel-Fernandez-Liseloth-Arias-y-Bienvenido-Montero-280x210.jpg 280w, https:\/\/primermomento.com\/wp-content\/uploads\/2019\/02\/Leonel-Fernandez-Liseloth-Arias-y-Bienvenido-Montero-638x479.jpg 638w, https:\/\/primermomento.com\/wp-content\/uploads\/2019\/02\/Leonel-Fernandez-Liseloth-Arias-y-Bienvenido-Montero-118x89.jpg 118w, https:\/\/primermomento.com\/wp-content\/uploads\/2019\/02\/Leonel-Fernandez-Liseloth-Arias-y-Bienvenido-Montero-479x359.jpg 479w\" sizes=\"auto, (max-width: 640px) 100vw, 640px\" \/><figcaption>El expresidente Leonel Fern\u00e1ndez junto a Bienvenido Montero y Liseloth Arias<\/figcaption><\/figure>\n\n\n\n<p>Al mismo tiempo, el precandidato presidencial por el oficialista Partido de la Liberaci\u00f3n Dominicana se comprometi\u00f3 con la reapertura de la zona franca para crear empleos. \u00abPorque Peravia necesita una agenda de desarrollo, vamos tambi\u00e9n a extirpar los puntos de droga y la criminalidad\u00bb.<\/p>\n\n\n\n<p>Previo a la intervenci\u00f3n del exmandatario, el miembro del Comit\u00e9 Central y del equipo de campa\u00f1a Bienvenido Montero refiri\u00f3 el legado de realizaciones en Ban\u00ed y la provincia Peravia citando entre ellas la carretera Ban\u00ed-San Crist\u00f3bal.<\/p>\n\n\n\n<p>Fern\u00e1ndez declar\u00f3 \u00abno importa el oponente, el 6 de octubre voy a ganar las primarias con un 80 por ciento; vamos a sobrepasar los dos millones de firmas lo que garantiza el 50% de los votantes\u00bb.<\/p>\n\n\n\n<p>-Si esta capacidad de convocatoria se hizo en tan s\u00f3lo tres d\u00edas, no s\u00e9 lo que va a ocurrir en el 2020 -afirm\u00f3 el expresidente, quien ha recorrido los 158 municipios del pa\u00eds.<\/p>\n\n\n\n<p>Asegur\u00f3 que el primer domingo del mes de julio inscribir\u00e1 su candidatura y para la fecha contar\u00e1n con m\u00e1s de dos millones de firmas.<\/p>\n\n\n\n<p>Acompa\u00f1aban al expresidente el exvicepresidente Rafael Alburquerque, el exprocurador de la Rep\u00fablica, Radham\u00e9s Jim\u00e9nez, el exministro de Salud P\u00fablica, Bautista Rojas, entre otros dirigentes nacionales del ala de Leonel Fern\u00e1ndez.<\/p>\n\n\n\n<p>Tambi\u00e9n habl\u00f3 en el acto la exdiputada Liseloth Arias, quien demand\u00f3 la construcci\u00f3n de la ciudad universitaria y la reapertura de la zona franca banileja.<\/p>\n\n\n\n<p style=\"text-align:right\">Primer Momento<\/p>\n","protected":false},"excerpt":{"rendered":"<p>BAN\u00cd, Rep\u00fablica Dominicana.- El expresidente Leonel Fern\u00e1ndez prometi\u00f3, en caso de llegar nuevamente al Palacio Nacional, construir la ciudad universitaria, y la avenida circunvalaci\u00f3n, dos obras muy demandadas en la provincia Peravia. Al mismo tiempo, el precandidato presidencial por el oficialista Partido de la Liberaci\u00f3n Dominicana se comprometi\u00f3 con la reapertura de la zona franca [&hellip;]<\/p>\n","protected":false},"author":1,"featured_media":0,"comment_status":"open","ping_status":"open","sticky":false,"template":"","format":"standard","meta":{"_bbp_topic_count":0,"_bbp_reply_count":0,"_bbp_total_topic_count":0,"_bbp_total_reply_count":0,"_bbp_voice_count":0,"_bbp_anonymous_reply_count":0,"_bbp_topic_count_hidden":0,"_bbp_reply_count_hidden":0,"_bbp_forum_subforum_count":0,"footnotes":""},"categories":[60,32],"tags":[],"class_list":{"0":"post-314808","1":"post","2":"type-post","3":"status-publish","4":"format-standard","6":"category-titulares-del-dia","7":"category-lo-ultimo"},"_links":{"self":[{"href":"https:\/\/primermomento.com\/index.php?rest_route=\/wp\/v2\/posts\/314808","targetHints":{"allow":["GET"]}}],"collection":[{"href":"https:\/\/primermomento.com\/index.php?rest_route=\/wp\/v2\/posts"}],"about":[{"href":"https:\/\/primermomento.com\/index.php?rest_route=\/wp\/v2\/types\/post"}],"author":[{"embeddable":true,"href":"https:\/\/primermomento.com\/index.php?rest_route=\/wp\/v2\/users\/1"}],"replies":[{"embeddable":true,"href":"https:\/\/primermomento.com\/index.php?rest_route=%2Fwp%2Fv2%2Fcomments&post=314808"}],"version-history":[{"count":1,"href":"https:\/\/primermomento.com\/index.php?rest_route=\/wp\/v2\/posts\/314808\/revisions"}],"predecessor-version":[{"id":314810,"href":"https:\/\/primermomento.com\/index.php?rest_route=\/wp\/v2\/posts\/314808\/revisions\/314810"}],"wp:attachment":[{"href":"https:\/\/primermomento.com\/index.php?rest_route=%2Fwp%2Fv2%2Fmedia&parent=314808"}],"wp:term":[{"taxonomy":"category","embeddable":true,"href":"https:\/\/primermomento.com\/index.php?rest_route=%2Fwp%2Fv2%2Fcategories&post=314808"},{"taxonomy":"post_tag","embeddable":true,"href":"https:\/\/primermomento.com\/index.php?rest_route=%2Fwp%2Fv2%2Ftags&post=314808"}],"curies":[{"name":"wp","href":"https:\/\/api.w.org\/{rel}","templated":true}]}}