{"id":314811,"date":"2019-02-03T20:46:23","date_gmt":"2019-02-04T00:46:23","guid":{"rendered":"http:\/\/primermomento.com\/?p=314811"},"modified":"2019-02-03T20:54:25","modified_gmt":"2019-02-04T00:54:25","slug":"bani-abinader-escucho-demandas-de-la-sociedad-civil","status":"publish","type":"post","link":"https:\/\/primermomento.com\/?p=314811","title":{"rendered":"BAN\u00cd | Abinader escuch\u00f3 demandas de la sociedad civil"},"content":{"rendered":"\n<p> BAN\u00cd, Rep\u00fablica Dominicana.- El precandidato presidencial del opositor Partido Revolucionario Moderno, Luis Abinader, estuvo aqu\u00ed este fin de semana donde escuch\u00f3 las demandas de la sociedad civil.<\/p>\n\n\n\n<figure class=\"wp-block-image\"><img loading=\"lazy\" decoding=\"async\" width=\"634\" height=\"404\" src=\"http:\/\/primermomento.com\/wp-content\/uploads\/2019\/02\/Luis-Abinader-y-sociedad-civil.jpg\" alt=\"\" class=\"wp-image-314812\" srcset=\"https:\/\/primermomento.com\/wp-content\/uploads\/2019\/02\/Luis-Abinader-y-sociedad-civil.jpg 634w, https:\/\/primermomento.com\/wp-content\/uploads\/2019\/02\/Luis-Abinader-y-sociedad-civil-300x191.jpg 300w, https:\/\/primermomento.com\/wp-content\/uploads\/2019\/02\/Luis-Abinader-y-sociedad-civil-500x319.jpg 500w, https:\/\/primermomento.com\/wp-content\/uploads\/2019\/02\/Luis-Abinader-y-sociedad-civil-280x178.jpg 280w, https:\/\/primermomento.com\/wp-content\/uploads\/2019\/02\/Luis-Abinader-y-sociedad-civil-118x75.jpg 118w, https:\/\/primermomento.com\/wp-content\/uploads\/2019\/02\/Luis-Abinader-y-sociedad-civil-479x305.jpg 479w\" sizes=\"auto, (max-width: 634px) 100vw, 634px\" \/><\/figure>\n\n\n\n<p>Abinader convers\u00f3 con representantes de varias organizaciones comunitarias que le plantearon los males que afectan al municipio de Ban\u00ed y la provincia Peravia.<\/p>\n\n\n\n<p>Participaron en el encuentro gremios profesionales, asociaci\u00f3n de estudiantes universitarios, juntas de vecinos, sindicatos, amas de casas, campesinos, entre otros, quienes sostuvieron un amplio conversatorio con el l\u00edder de la fuerza opositora.<\/p>\n\n\n\n<p>El excandidato presidencial tom\u00f3 notas de los problemas y quejas de distintos sectores de la poblaci\u00f3n banileja.<\/p>\n\n\n\n<p>El diputado Santo Ram\u00edrez y posible candidato a alcalde de este municipio y el regidor Juan Germ\u00e1n, estuvieron presentes en la actividad que se efectu\u00f3 en el Casino de Peravia la tarde de este s\u00e1bado.<\/p>\n\n\n\n<p>Las consignas \u00abel cambio va\u00bb, \u00abponte en esto\u00bb y \u00ablleg\u00f3 el momento\u00bb han sido enarboladas por Ram\u00edrez en las redes sociales, y quien fuera uno de los organizadores de la iniciativa del precandidato presidencial Luis Abinader.<\/p>\n\n\n\n<p style=\"text-align:right\">Primer Momento <\/p>\n","protected":false},"excerpt":{"rendered":"<p>BAN\u00cd, Rep\u00fablica Dominicana.- El precandidato presidencial del opositor Partido Revolucionario Moderno, Luis Abinader, estuvo aqu\u00ed este fin de semana donde escuch\u00f3 las demandas de la sociedad civil. Abinader convers\u00f3 con representantes de varias organizaciones comunitarias que le plantearon los males que afectan al municipio de Ban\u00ed y la provincia Peravia. Participaron en el encuentro gremios [&hellip;]<\/p>\n","protected":false},"author":1,"featured_media":0,"comment_status":"open","ping_status":"open","sticky":false,"template":"","format":"standard","meta":{"_bbp_topic_count":0,"_bbp_reply_count":0,"_bbp_total_topic_count":0,"_bbp_total_reply_count":0,"_bbp_voice_count":0,"_bbp_anonymous_reply_count":0,"_bbp_topic_count_hidden":0,"_bbp_reply_count_hidden":0,"_bbp_forum_subforum_count":0,"footnotes":""},"categories":[30,60],"tags":[],"class_list":{"0":"post-314811","1":"post","2":"type-post","3":"status-publish","4":"format-standard","6":"category-actualidad","7":"category-titulares-del-dia"},"_links":{"self":[{"href":"https:\/\/primermomento.com\/index.php?rest_route=\/wp\/v2\/posts\/314811","targetHints":{"allow":["GET"]}}],"collection":[{"href":"https:\/\/primermomento.com\/index.php?rest_route=\/wp\/v2\/posts"}],"about":[{"href":"https:\/\/primermomento.com\/index.php?rest_route=\/wp\/v2\/types\/post"}],"author":[{"embeddable":true,"href":"https:\/\/primermomento.com\/index.php?rest_route=\/wp\/v2\/users\/1"}],"replies":[{"embeddable":true,"href":"https:\/\/primermomento.com\/index.php?rest_route=%2Fwp%2Fv2%2Fcomments&post=314811"}],"version-history":[{"count":2,"href":"https:\/\/primermomento.com\/index.php?rest_route=\/wp\/v2\/posts\/314811\/revisions"}],"predecessor-version":[{"id":314815,"href":"https:\/\/primermomento.com\/index.php?rest_route=\/wp\/v2\/posts\/314811\/revisions\/314815"}],"wp:attachment":[{"href":"https:\/\/primermomento.com\/index.php?rest_route=%2Fwp%2Fv2%2Fmedia&parent=314811"}],"wp:term":[{"taxonomy":"category","embeddable":true,"href":"https:\/\/primermomento.com\/index.php?rest_route=%2Fwp%2Fv2%2Fcategories&post=314811"},{"taxonomy":"post_tag","embeddable":true,"href":"https:\/\/primermomento.com\/index.php?rest_route=%2Fwp%2Fv2%2Ftags&post=314811"}],"curies":[{"name":"wp","href":"https:\/\/api.w.org\/{rel}","templated":true}]}}