{"id":314816,"date":"2019-02-04T15:21:10","date_gmt":"2019-02-04T19:21:10","guid":{"rendered":"http:\/\/primermomento.com\/?p=314816"},"modified":"2019-02-04T15:21:12","modified_gmt":"2019-02-04T19:21:12","slug":"fuerte-sismo-sacude-buena-parte-del-pais","status":"publish","type":"post","link":"https:\/\/primermomento.com\/?p=314816","title":{"rendered":"Fuerte sismo sacude buena parte del pa\u00eds"},"content":{"rendered":"\n<p> SANTO DOMINGO, Rep\u00fablica Dominicana.- Un fuerte sismo sacudi\u00f3 hoy a las 10:33,  hora local, buena parte de Rep\u00fablica Dominicana y aunque la localizaci\u00f3n  preliminar es en el este del pa\u00eds, se sinti\u00f3 con fuerza y prolongado en  esta capital.                         <br>                          <\/p>\n\n\n\n<div class=\"wp-block-image\"><figure class=\"aligncenter\"><img loading=\"lazy\" decoding=\"async\" width=\"546\" height=\"350\" src=\"http:\/\/primermomento.com\/wp-content\/uploads\/2019\/02\/fuerte-temblor.jpg\" alt=\"\" class=\"wp-image-314817\" srcset=\"https:\/\/primermomento.com\/wp-content\/uploads\/2019\/02\/fuerte-temblor.jpg 546w, https:\/\/primermomento.com\/wp-content\/uploads\/2019\/02\/fuerte-temblor-300x192.jpg 300w, https:\/\/primermomento.com\/wp-content\/uploads\/2019\/02\/fuerte-temblor-500x321.jpg 500w, https:\/\/primermomento.com\/wp-content\/uploads\/2019\/02\/fuerte-temblor-280x179.jpg 280w, https:\/\/primermomento.com\/wp-content\/uploads\/2019\/02\/fuerte-temblor-118x76.jpg 118w, https:\/\/primermomento.com\/wp-content\/uploads\/2019\/02\/fuerte-temblor-479x307.jpg 479w\" sizes=\"auto, (max-width: 546px) 100vw, 546px\" \/><\/figure><\/div>\n\n\n\n<p>Seg\u00fan el Centro  Nacional de Sismolog\u00eda de la Universidad Aut\u00f3noma de Santo Domingo, el  movimiento tel\u00farico tuvo una magnitud de 5,8 en la escala de Richter y  su epicentro fue registrado a 135 kil\u00f3metros al sursureste de Punta  Cana, provincia La Altagracia, y a una profundidad de 94 kil\u00f3metros.<\/p>\n\n\n\n<p> Hasta ahora no se reportan p\u00e9rdidas humanas ni da\u00f1os materiales por el evento.<\/p>\n\n\n\n<p>  Dominicana registra mensualmente alrededor de mil movimientos tel\u00faricos  de poca magnitud pero seg\u00fan especialistas, por su ubicaci\u00f3n geogr\u00e1fica,  este territorio es proclive a ser sacudido por un terremoto de gran  magnitud.<\/p>\n\n\n\n<p style=\"text-align:right\">PL <\/p>\n","protected":false},"excerpt":{"rendered":"<p>SANTO DOMINGO, Rep\u00fablica Dominicana.- Un fuerte sismo sacudi\u00f3 hoy a las 10:33, hora local, buena parte de Rep\u00fablica Dominicana y aunque la localizaci\u00f3n preliminar es en el este del pa\u00eds, se sinti\u00f3 con fuerza y prolongado en esta capital. Seg\u00fan el Centro Nacional de Sismolog\u00eda de la Universidad Aut\u00f3noma de Santo Domingo, el movimiento tel\u00farico [&hellip;]<\/p>\n","protected":false},"author":1,"featured_media":0,"comment_status":"open","ping_status":"open","sticky":false,"template":"","format":"standard","meta":{"_bbp_topic_count":0,"_bbp_reply_count":0,"_bbp_total_topic_count":0,"_bbp_total_reply_count":0,"_bbp_voice_count":0,"_bbp_anonymous_reply_count":0,"_bbp_topic_count_hidden":0,"_bbp_reply_count_hidden":0,"_bbp_forum_subforum_count":0,"footnotes":""},"categories":[30,60],"tags":[],"class_list":{"0":"post-314816","1":"post","2":"type-post","3":"status-publish","4":"format-standard","6":"category-actualidad","7":"category-titulares-del-dia"},"_links":{"self":[{"href":"https:\/\/primermomento.com\/index.php?rest_route=\/wp\/v2\/posts\/314816","targetHints":{"allow":["GET"]}}],"collection":[{"href":"https:\/\/primermomento.com\/index.php?rest_route=\/wp\/v2\/posts"}],"about":[{"href":"https:\/\/primermomento.com\/index.php?rest_route=\/wp\/v2\/types\/post"}],"author":[{"embeddable":true,"href":"https:\/\/primermomento.com\/index.php?rest_route=\/wp\/v2\/users\/1"}],"replies":[{"embeddable":true,"href":"https:\/\/primermomento.com\/index.php?rest_route=%2Fwp%2Fv2%2Fcomments&post=314816"}],"version-history":[{"count":1,"href":"https:\/\/primermomento.com\/index.php?rest_route=\/wp\/v2\/posts\/314816\/revisions"}],"predecessor-version":[{"id":314818,"href":"https:\/\/primermomento.com\/index.php?rest_route=\/wp\/v2\/posts\/314816\/revisions\/314818"}],"wp:attachment":[{"href":"https:\/\/primermomento.com\/index.php?rest_route=%2Fwp%2Fv2%2Fmedia&parent=314816"}],"wp:term":[{"taxonomy":"category","embeddable":true,"href":"https:\/\/primermomento.com\/index.php?rest_route=%2Fwp%2Fv2%2Fcategories&post=314816"},{"taxonomy":"post_tag","embeddable":true,"href":"https:\/\/primermomento.com\/index.php?rest_route=%2Fwp%2Fv2%2Ftags&post=314816"}],"curies":[{"name":"wp","href":"https:\/\/api.w.org\/{rel}","templated":true}]}}