{"id":314821,"date":"2019-02-04T09:26:40","date_gmt":"2019-02-04T13:26:40","guid":{"rendered":"http:\/\/primermomento.com\/?p=314821"},"modified":"2019-02-04T15:29:22","modified_gmt":"2019-02-04T19:29:22","slug":"ministro-de-salud-ve-muy-alta-cifra-de-muertes-maternas","status":"publish","type":"post","link":"https:\/\/primermomento.com\/?p=314821","title":{"rendered":"Ministro de Salud ve muy alta cifra de muertes maternas"},"content":{"rendered":"\n<p> SANTO DOMINGO, Rep\u00fablica Dominicana.- El Ministro de Salud P\u00fablica de Rep\u00fablica  Dominicana, Rafael S\u00e1nchez, valor\u00f3 de muy alta la cifra de muertes  maternas que se registran en el pa\u00eds, y lo atribuy\u00f3 a factores  multicausales.                         <br>                          <\/p>\n\n\n\n<figure class=\"wp-block-image\"><img loading=\"lazy\" decoding=\"async\" width=\"680\" height=\"383\" src=\"http:\/\/primermomento.com\/wp-content\/uploads\/2019\/02\/Rafael-S\u00e1nchez.jpeg\" alt=\"\" class=\"wp-image-314822\" srcset=\"https:\/\/primermomento.com\/wp-content\/uploads\/2019\/02\/Rafael-S\u00e1nchez.jpeg 680w, https:\/\/primermomento.com\/wp-content\/uploads\/2019\/02\/Rafael-S\u00e1nchez-300x169.jpeg 300w, https:\/\/primermomento.com\/wp-content\/uploads\/2019\/02\/Rafael-S\u00e1nchez-478x270.jpeg 478w, https:\/\/primermomento.com\/wp-content\/uploads\/2019\/02\/Rafael-S\u00e1nchez-500x282.jpeg 500w, https:\/\/primermomento.com\/wp-content\/uploads\/2019\/02\/Rafael-S\u00e1nchez-280x158.jpeg 280w, https:\/\/primermomento.com\/wp-content\/uploads\/2019\/02\/Rafael-S\u00e1nchez-638x359.jpeg 638w, https:\/\/primermomento.com\/wp-content\/uploads\/2019\/02\/Rafael-S\u00e1nchez-118x66.jpeg 118w, https:\/\/primermomento.com\/wp-content\/uploads\/2019\/02\/Rafael-S\u00e1nchez-479x270.jpeg 479w\" sizes=\"auto, (max-width: 680px) 100vw, 680px\" \/><figcaption> Rafael S\u00e1nchez <\/figcaption><\/figure>\n\n\n\n<p>En declaraciones  al canal 11 de la televisi\u00f3n local, el ministro manifest\u00f3 que en los  \u00faltimos 10 \u00f3 15 a\u00f1os a pesar que organismos internacionales acompa\u00f1aron  el pa\u00eds con fondos para contrarrestar la situaci\u00f3n, se registra una tasa  de 104 muertes por cada cien mil nacidos vivos.<\/p>\n\n\n\n<p> Asimismo, \nexplic\u00f3 que de manera err\u00f3nea se cree que es en las zonas rurales donde \nocurre la mayor cantidad de muertes maternas, sin embargo, &#8216;los puntos \ncalientes de la mortalidad est\u00e1n en el Gran Santo Domingo, Santiago y \nSan Crist\u00f3bal, es decir en las grande provincias, donde est\u00e1n la \ntecnolog\u00eda y los mejores centros de atenci\u00f3n&#8217;.<\/p>\n\n\n\n<p> S\u00e1nchez sostuvo \nque dentro de los estudios hechos por la Organizaci\u00f3n Panamericana de la\n Salud, se pudo establecer que el apego de los protocolos en la \naplicaci\u00f3n de los servicios tiene una media de un 40 por ciento, \nmientras los del ministerio est\u00e1 en 39,6.<\/p>\n\n\n\n<p> Adem\u00e1s dijo que la \naplicaci\u00f3n de partograma donde se realizan los nacimientos est\u00e1 por \ndebajo de 30 por ciento, las historias cl\u00ednicas perinatal son bajas e \nigual las medidas de higiene donde se llevan a cabo esas labores.<\/p>\n\n\n\n<p>  Finalmente, se\u00f1al\u00f3 que en el pa\u00eds se elabora un sistema de acompa\u00f1antes  en cada territorio con las direcciones provinciales de salud y a cada  uno de ellos se le asignar\u00e1n diez embarazadas, y \u00e9ste ser\u00e1 responsable  de la educaci\u00f3n para la salud, orientaci\u00f3n sobre c\u00f3mo conducir el parto,  y sobre nutrici\u00f3n. <\/p>\n\n\n\n<p style=\"text-align:right\">PL<\/p>\n","protected":false},"excerpt":{"rendered":"<p>SANTO DOMINGO, Rep\u00fablica Dominicana.- El Ministro de Salud P\u00fablica de Rep\u00fablica Dominicana, Rafael S\u00e1nchez, valor\u00f3 de muy alta la cifra de muertes maternas que se registran en el pa\u00eds, y lo atribuy\u00f3 a factores multicausales. En declaraciones al canal 11 de la televisi\u00f3n local, el ministro manifest\u00f3 que en los \u00faltimos 10 \u00f3 15 a\u00f1os [&hellip;]<\/p>\n","protected":false},"author":1,"featured_media":0,"comment_status":"open","ping_status":"open","sticky":false,"template":"","format":"standard","meta":{"_bbp_topic_count":0,"_bbp_reply_count":0,"_bbp_total_topic_count":0,"_bbp_total_reply_count":0,"_bbp_voice_count":0,"_bbp_anonymous_reply_count":0,"_bbp_topic_count_hidden":0,"_bbp_reply_count_hidden":0,"_bbp_forum_subforum_count":0,"footnotes":""},"categories":[60,32],"tags":[],"class_list":{"0":"post-314821","1":"post","2":"type-post","3":"status-publish","4":"format-standard","6":"category-titulares-del-dia","7":"category-lo-ultimo"},"_links":{"self":[{"href":"https:\/\/primermomento.com\/index.php?rest_route=\/wp\/v2\/posts\/314821","targetHints":{"allow":["GET"]}}],"collection":[{"href":"https:\/\/primermomento.com\/index.php?rest_route=\/wp\/v2\/posts"}],"about":[{"href":"https:\/\/primermomento.com\/index.php?rest_route=\/wp\/v2\/types\/post"}],"author":[{"embeddable":true,"href":"https:\/\/primermomento.com\/index.php?rest_route=\/wp\/v2\/users\/1"}],"replies":[{"embeddable":true,"href":"https:\/\/primermomento.com\/index.php?rest_route=%2Fwp%2Fv2%2Fcomments&post=314821"}],"version-history":[{"count":1,"href":"https:\/\/primermomento.com\/index.php?rest_route=\/wp\/v2\/posts\/314821\/revisions"}],"predecessor-version":[{"id":314823,"href":"https:\/\/primermomento.com\/index.php?rest_route=\/wp\/v2\/posts\/314821\/revisions\/314823"}],"wp:attachment":[{"href":"https:\/\/primermomento.com\/index.php?rest_route=%2Fwp%2Fv2%2Fmedia&parent=314821"}],"wp:term":[{"taxonomy":"category","embeddable":true,"href":"https:\/\/primermomento.com\/index.php?rest_route=%2Fwp%2Fv2%2Fcategories&post=314821"},{"taxonomy":"post_tag","embeddable":true,"href":"https:\/\/primermomento.com\/index.php?rest_route=%2Fwp%2Fv2%2Ftags&post=314821"}],"curies":[{"name":"wp","href":"https:\/\/api.w.org\/{rel}","templated":true}]}}