{"id":314824,"date":"2019-02-04T10:29:44","date_gmt":"2019-02-04T14:29:44","guid":{"rendered":"http:\/\/primermomento.com\/?p=314824"},"modified":"2019-02-04T15:35:13","modified_gmt":"2019-02-04T19:35:13","slug":"mueren-cinco-personas-por-caida-de-avion","status":"publish","type":"post","link":"https:\/\/primermomento.com\/?p=314824","title":{"rendered":"Mueren cinco personas por ca\u00edda de avi\u00f3n"},"content":{"rendered":"\n<p> YORBA LINDA, California.- A cinco de elev\u00f3 el n\u00famero de v\u00edctimas  cuando un peque\u00f1o avi\u00f3n se estrell\u00f3 el domingo contra una vivienda en  Yorba Linda, sur de California, informaron hoy autoridades.                         <br>                          <\/p>\n\n\n\n<figure class=\"wp-block-image\"><img loading=\"lazy\" decoding=\"async\" width=\"748\" height=\"498\" src=\"http:\/\/primermomento.com\/wp-content\/uploads\/2019\/02\/eeuu-cal-avion-estrellado.jpg\" alt=\"\" class=\"wp-image-314825\" srcset=\"https:\/\/primermomento.com\/wp-content\/uploads\/2019\/02\/eeuu-cal-avion-estrellado.jpg 748w, https:\/\/primermomento.com\/wp-content\/uploads\/2019\/02\/eeuu-cal-avion-estrellado-300x200.jpg 300w, https:\/\/primermomento.com\/wp-content\/uploads\/2019\/02\/eeuu-cal-avion-estrellado-73x50.jpg 73w, https:\/\/primermomento.com\/wp-content\/uploads\/2019\/02\/eeuu-cal-avion-estrellado-500x333.jpg 500w, https:\/\/primermomento.com\/wp-content\/uploads\/2019\/02\/eeuu-cal-avion-estrellado-280x186.jpg 280w, https:\/\/primermomento.com\/wp-content\/uploads\/2019\/02\/eeuu-cal-avion-estrellado-60x40.jpg 60w, https:\/\/primermomento.com\/wp-content\/uploads\/2019\/02\/eeuu-cal-avion-estrellado-638x425.jpg 638w, https:\/\/primermomento.com\/wp-content\/uploads\/2019\/02\/eeuu-cal-avion-estrellado-118x79.jpg 118w, https:\/\/primermomento.com\/wp-content\/uploads\/2019\/02\/eeuu-cal-avion-estrellado-479x319.jpg 479w\" sizes=\"auto, (max-width: 748px) 100vw, 748px\" \/><\/figure>\n\n\n\n<p>Los bomberos del condado de Orange, donde se produjo el hecho, indicaron  que entre los fallecidos se encuentran el piloto, \u00fanico ocupante de la  avioneta, y cuatro personas que se encontraba dentro de la casa.<\/p>\n\n\n\n<p>\n Seg\u00fan el Departamento del Alguacil del Condado de Orange, la nave \nimpact\u00f3 contra una vivienda unifamiliar, provocando un fuego y da\u00f1os a \nla estructura.<\/p>\n\n\n\n<p> La Administraci\u00f3n Federal de Aviaci\u00f3n, que regula  la aviaci\u00f3n civil en el pa\u00eds, se\u00f1al\u00f3 de que el avi\u00f3n era un bimotor de  h\u00e9lices modelo Cessna 414 y explic\u00f3 que el aparato se estrell\u00f3 poco  despu\u00e9s de despegar del aeropuerto municipal de Fullerton que se  encontraba a una decena de millas del lugar del accidente.<\/p>\n\n\n\n<p style=\"text-align:right\">PL<br><\/p>\n","protected":false},"excerpt":{"rendered":"<p>YORBA LINDA, California.- A cinco de elev\u00f3 el n\u00famero de v\u00edctimas cuando un peque\u00f1o avi\u00f3n se estrell\u00f3 el domingo contra una vivienda en Yorba Linda, sur de California, informaron hoy autoridades. Los bomberos del condado de Orange, donde se produjo el hecho, indicaron que entre los fallecidos se encuentran el piloto, \u00fanico ocupante de la [&hellip;]<\/p>\n","protected":false},"author":1,"featured_media":0,"comment_status":"open","ping_status":"open","sticky":false,"template":"","format":"standard","meta":{"_bbp_topic_count":0,"_bbp_reply_count":0,"_bbp_total_topic_count":0,"_bbp_total_reply_count":0,"_bbp_voice_count":0,"_bbp_anonymous_reply_count":0,"_bbp_topic_count_hidden":0,"_bbp_reply_count_hidden":0,"_bbp_forum_subforum_count":0,"footnotes":""},"categories":[60,38],"tags":[],"class_list":{"0":"post-314824","1":"post","2":"type-post","3":"status-publish","4":"format-standard","6":"category-titulares-del-dia","7":"category-sociedad"},"_links":{"self":[{"href":"https:\/\/primermomento.com\/index.php?rest_route=\/wp\/v2\/posts\/314824","targetHints":{"allow":["GET"]}}],"collection":[{"href":"https:\/\/primermomento.com\/index.php?rest_route=\/wp\/v2\/posts"}],"about":[{"href":"https:\/\/primermomento.com\/index.php?rest_route=\/wp\/v2\/types\/post"}],"author":[{"embeddable":true,"href":"https:\/\/primermomento.com\/index.php?rest_route=\/wp\/v2\/users\/1"}],"replies":[{"embeddable":true,"href":"https:\/\/primermomento.com\/index.php?rest_route=%2Fwp%2Fv2%2Fcomments&post=314824"}],"version-history":[{"count":1,"href":"https:\/\/primermomento.com\/index.php?rest_route=\/wp\/v2\/posts\/314824\/revisions"}],"predecessor-version":[{"id":314826,"href":"https:\/\/primermomento.com\/index.php?rest_route=\/wp\/v2\/posts\/314824\/revisions\/314826"}],"wp:attachment":[{"href":"https:\/\/primermomento.com\/index.php?rest_route=%2Fwp%2Fv2%2Fmedia&parent=314824"}],"wp:term":[{"taxonomy":"category","embeddable":true,"href":"https:\/\/primermomento.com\/index.php?rest_route=%2Fwp%2Fv2%2Fcategories&post=314824"},{"taxonomy":"post_tag","embeddable":true,"href":"https:\/\/primermomento.com\/index.php?rest_route=%2Fwp%2Fv2%2Ftags&post=314824"}],"curies":[{"name":"wp","href":"https:\/\/api.w.org\/{rel}","templated":true}]}}