{"id":314828,"date":"2019-02-04T15:48:53","date_gmt":"2019-02-04T19:48:53","guid":{"rendered":"http:\/\/primermomento.com\/?p=314828"},"modified":"2019-02-04T15:48:54","modified_gmt":"2019-02-04T19:48:54","slug":"bani-muere-vendedor-de-frutas-al-chocar-chocar-su-motocicleta","status":"publish","type":"post","link":"https:\/\/primermomento.com\/?p=314828","title":{"rendered":"BAN\u00cd | Muere vendedor de frutas al chocar chocar su motocicleta"},"content":{"rendered":"\n<p> BAN\u00cd, Rep\u00fablica Dominicana.- Un vendedor de frutas muri\u00f3 luego de chocar su motocicleta (CG) en la parte trasera de un veh\u00edculo estacionado frente al solar donde celebran las fiestas patronales de la comunidad de Don Gregorio.<\/p>\n\n\n\n<figure class=\"wp-block-image\"><img loading=\"lazy\" decoding=\"async\" width=\"720\" height=\"405\" src=\"http:\/\/primermomento.com\/wp-content\/uploads\/2019\/02\/e8d27443-3ef3-4ac9-9e92-5d726b6b4dab.jpg\" alt=\"\" class=\"wp-image-314829\" srcset=\"https:\/\/primermomento.com\/wp-content\/uploads\/2019\/02\/e8d27443-3ef3-4ac9-9e92-5d726b6b4dab.jpg 720w, https:\/\/primermomento.com\/wp-content\/uploads\/2019\/02\/e8d27443-3ef3-4ac9-9e92-5d726b6b4dab-300x169.jpg 300w, https:\/\/primermomento.com\/wp-content\/uploads\/2019\/02\/e8d27443-3ef3-4ac9-9e92-5d726b6b4dab-478x270.jpg 478w, https:\/\/primermomento.com\/wp-content\/uploads\/2019\/02\/e8d27443-3ef3-4ac9-9e92-5d726b6b4dab-500x281.jpg 500w, https:\/\/primermomento.com\/wp-content\/uploads\/2019\/02\/e8d27443-3ef3-4ac9-9e92-5d726b6b4dab-280x158.jpg 280w, https:\/\/primermomento.com\/wp-content\/uploads\/2019\/02\/e8d27443-3ef3-4ac9-9e92-5d726b6b4dab-638x359.jpg 638w, https:\/\/primermomento.com\/wp-content\/uploads\/2019\/02\/e8d27443-3ef3-4ac9-9e92-5d726b6b4dab-118x66.jpg 118w, https:\/\/primermomento.com\/wp-content\/uploads\/2019\/02\/e8d27443-3ef3-4ac9-9e92-5d726b6b4dab-479x269.jpg 479w\" sizes=\"auto, (max-width: 720px) 100vw, 720px\" \/><\/figure>\n\n\n\n<p>El hoy occiso fue identificado como Jairon Lara Arias, de 32 a\u00f1os de edad, quien resid\u00eda en Don Gregorio, municipio de Nizao. El accidente ocurri\u00f3 pasada las 2 de la madrugada de este lunes 4 de febrero.<\/p>\n\n\n\n<p>Lara Arias sufri\u00f3 un trauma en el \u00e1rea encef\u00e1lica del cr\u00e1neo, con fractura severa, trauma cervical con otorrragia, escoriaciones m\u00faltiples en el t\u00f3rax con da\u00f1os en \u00f3rganos costales. <\/p>\n\n\n\n<p>Este reporte m\u00e9dico fue corroborado por el forense Walter L\u00f3pez qui\u00e9n estuvo acompa\u00f1ado de la magistrada de la fiscal de tr\u00e1nsito de la provincia Peravia Wanda Rijo y varios agentes de la Direcci\u00f3n General de Seguridad de Tr\u00e1nsito y Transporte Terrestre.<\/p>\n\n\n\n<p>Supuestamente, la motocicleta (CG-250) iba a muy alta velocidad cuando se estrell\u00f3 en la parte trasera a una gr\u00faa que estaba estacionada.<\/p>\n\n\n\n<p>De este modo, esta es la v\u00edctima n\u00famero 21 por accidentes vial en la provincia Peravia, en lo que va del a\u00f1o 2019.<\/p>\n\n\n\n<p style=\"text-align:right\">Primer Momento<\/p>\n","protected":false},"excerpt":{"rendered":"<p>BAN\u00cd, Rep\u00fablica Dominicana.- Un vendedor de frutas muri\u00f3 luego de chocar su motocicleta (CG) en la parte trasera de un veh\u00edculo estacionado frente al solar donde celebran las fiestas patronales de la comunidad de Don Gregorio. El hoy occiso fue identificado como Jairon Lara Arias, de 32 a\u00f1os de edad, quien resid\u00eda en Don Gregorio, [&hellip;]<\/p>\n","protected":false},"author":1,"featured_media":0,"comment_status":"open","ping_status":"open","sticky":false,"template":"","format":"standard","meta":{"_bbp_topic_count":0,"_bbp_reply_count":0,"_bbp_total_topic_count":0,"_bbp_total_reply_count":0,"_bbp_voice_count":0,"_bbp_anonymous_reply_count":0,"_bbp_topic_count_hidden":0,"_bbp_reply_count_hidden":0,"_bbp_forum_subforum_count":0,"footnotes":""},"categories":[60,32],"tags":[],"class_list":{"0":"post-314828","1":"post","2":"type-post","3":"status-publish","4":"format-standard","6":"category-titulares-del-dia","7":"category-lo-ultimo"},"_links":{"self":[{"href":"https:\/\/primermomento.com\/index.php?rest_route=\/wp\/v2\/posts\/314828","targetHints":{"allow":["GET"]}}],"collection":[{"href":"https:\/\/primermomento.com\/index.php?rest_route=\/wp\/v2\/posts"}],"about":[{"href":"https:\/\/primermomento.com\/index.php?rest_route=\/wp\/v2\/types\/post"}],"author":[{"embeddable":true,"href":"https:\/\/primermomento.com\/index.php?rest_route=\/wp\/v2\/users\/1"}],"replies":[{"embeddable":true,"href":"https:\/\/primermomento.com\/index.php?rest_route=%2Fwp%2Fv2%2Fcomments&post=314828"}],"version-history":[{"count":1,"href":"https:\/\/primermomento.com\/index.php?rest_route=\/wp\/v2\/posts\/314828\/revisions"}],"predecessor-version":[{"id":314830,"href":"https:\/\/primermomento.com\/index.php?rest_route=\/wp\/v2\/posts\/314828\/revisions\/314830"}],"wp:attachment":[{"href":"https:\/\/primermomento.com\/index.php?rest_route=%2Fwp%2Fv2%2Fmedia&parent=314828"}],"wp:term":[{"taxonomy":"category","embeddable":true,"href":"https:\/\/primermomento.com\/index.php?rest_route=%2Fwp%2Fv2%2Fcategories&post=314828"},{"taxonomy":"post_tag","embeddable":true,"href":"https:\/\/primermomento.com\/index.php?rest_route=%2Fwp%2Fv2%2Ftags&post=314828"}],"curies":[{"name":"wp","href":"https:\/\/api.w.org\/{rel}","templated":true}]}}