{"id":314831,"date":"2019-02-04T16:02:07","date_gmt":"2019-02-04T20:02:07","guid":{"rendered":"http:\/\/primermomento.com\/?p=314831"},"modified":"2019-02-04T16:02:09","modified_gmt":"2019-02-04T20:02:09","slug":"bani-mueren-tres-impactados-por-una-jeepeta","status":"publish","type":"post","link":"https:\/\/primermomento.com\/?p=314831","title":{"rendered":"BAN\u00cd | Mueren tres impactados por una Jeepeta"},"content":{"rendered":"\n<p>BAN\u00cd, Rep\u00fablica Dominicana.- Tres personas murieron en un accidente vial ocurrido en la carretera S\u00e1nchez, concretamente en el distrito municipal de Paya.<\/p>\n\n\n\n<div class=\"wp-block-image\"><figure class=\"aligncenter\"><img loading=\"lazy\" decoding=\"async\" width=\"708\" height=\"652\" src=\"http:\/\/primermomento.com\/wp-content\/uploads\/2019\/02\/victimas-accidente-paya.jpg\" alt=\"\" class=\"wp-image-314832\" srcset=\"https:\/\/primermomento.com\/wp-content\/uploads\/2019\/02\/victimas-accidente-paya.jpg 708w, https:\/\/primermomento.com\/wp-content\/uploads\/2019\/02\/victimas-accidente-paya-300x276.jpg 300w, https:\/\/primermomento.com\/wp-content\/uploads\/2019\/02\/victimas-accidente-paya-500x460.jpg 500w, https:\/\/primermomento.com\/wp-content\/uploads\/2019\/02\/victimas-accidente-paya-239x220.jpg 239w, https:\/\/primermomento.com\/wp-content\/uploads\/2019\/02\/victimas-accidente-paya-638x588.jpg 638w, https:\/\/primermomento.com\/wp-content\/uploads\/2019\/02\/victimas-accidente-paya-118x109.jpg 118w, https:\/\/primermomento.com\/wp-content\/uploads\/2019\/02\/victimas-accidente-paya-479x441.jpg 479w\" sizes=\"auto, (max-width: 708px) 100vw, 708px\" \/><\/figure><\/div>\n\n\n\n<p>Entre los muertos figura una menor que respond\u00eda al nombre de Osmary Lisaury Pe\u00f1a, de 9 a\u00f1os de edad, residente en la calle Jes\u00fas de Nazaret, del sector El Man\u00ed. Fue llevada al Instituto Regional Materno Infantil (IRMIE), donde dej\u00f3 de existir.<\/p>\n\n\n\n<p>Se ha informado que la madre de la ni\u00f1a como su actual pareja sentimental fueron llevados al Hospital Nuestra Se\u00f1ora de Regla, donde ambos fallecieron. La progenitora respond\u00eda al nombre de Ingrid Ramona Pe\u00f1a, de 32 a\u00f1os de edad, residente en el mismo sector. La otra v\u00edctima fue identificada como Aristides Lara Arias, de 35 a\u00f1os de edad.<\/p>\n\n\n\n<p>El informe precisa que las tres personas iban a bordo de una motocicleta cuando fueron embestidos por una Jeepeta en marcha, muriendo instant\u00e1neamente. Los tres fallecidos son miembros de una sola familia.<\/p>\n\n\n\n<p>El levantamiento de los cad\u00e1veres lo hizo el m\u00e9dico legista Walter L\u00f3pez quien se hizo acompa\u00f1ar de la fiscal de tr\u00e1nsito Wanda Rijo y de varios agentes de la Direcci\u00f3n General de Seguridad de Tr\u00e1nsito y Transporte Terrestre, DIGESETT.<\/p>\n\n\n\n<p style=\"text-align:right\">Primer Momento<\/p>\n","protected":false},"excerpt":{"rendered":"<p>BAN\u00cd, Rep\u00fablica Dominicana.- Tres personas murieron en un accidente vial ocurrido en la carretera S\u00e1nchez, concretamente en el distrito municipal de Paya. Entre los muertos figura una menor que respond\u00eda al nombre de Osmary Lisaury Pe\u00f1a, de 9 a\u00f1os de edad, residente en la calle Jes\u00fas de Nazaret, del sector El Man\u00ed. Fue llevada al [&hellip;]<\/p>\n","protected":false},"author":1,"featured_media":0,"comment_status":"open","ping_status":"open","sticky":false,"template":"","format":"standard","meta":{"_bbp_topic_count":0,"_bbp_reply_count":0,"_bbp_total_topic_count":0,"_bbp_total_reply_count":0,"_bbp_voice_count":0,"_bbp_anonymous_reply_count":0,"_bbp_topic_count_hidden":0,"_bbp_reply_count_hidden":0,"_bbp_forum_subforum_count":0,"footnotes":""},"categories":[30,60],"tags":[],"class_list":{"0":"post-314831","1":"post","2":"type-post","3":"status-publish","4":"format-standard","6":"category-actualidad","7":"category-titulares-del-dia"},"_links":{"self":[{"href":"https:\/\/primermomento.com\/index.php?rest_route=\/wp\/v2\/posts\/314831","targetHints":{"allow":["GET"]}}],"collection":[{"href":"https:\/\/primermomento.com\/index.php?rest_route=\/wp\/v2\/posts"}],"about":[{"href":"https:\/\/primermomento.com\/index.php?rest_route=\/wp\/v2\/types\/post"}],"author":[{"embeddable":true,"href":"https:\/\/primermomento.com\/index.php?rest_route=\/wp\/v2\/users\/1"}],"replies":[{"embeddable":true,"href":"https:\/\/primermomento.com\/index.php?rest_route=%2Fwp%2Fv2%2Fcomments&post=314831"}],"version-history":[{"count":1,"href":"https:\/\/primermomento.com\/index.php?rest_route=\/wp\/v2\/posts\/314831\/revisions"}],"predecessor-version":[{"id":314833,"href":"https:\/\/primermomento.com\/index.php?rest_route=\/wp\/v2\/posts\/314831\/revisions\/314833"}],"wp:attachment":[{"href":"https:\/\/primermomento.com\/index.php?rest_route=%2Fwp%2Fv2%2Fmedia&parent=314831"}],"wp:term":[{"taxonomy":"category","embeddable":true,"href":"https:\/\/primermomento.com\/index.php?rest_route=%2Fwp%2Fv2%2Fcategories&post=314831"},{"taxonomy":"post_tag","embeddable":true,"href":"https:\/\/primermomento.com\/index.php?rest_route=%2Fwp%2Fv2%2Ftags&post=314831"}],"curies":[{"name":"wp","href":"https:\/\/api.w.org\/{rel}","templated":true}]}}