{"id":314834,"date":"2019-02-04T09:53:39","date_gmt":"2019-02-04T13:53:39","guid":{"rendered":"http:\/\/primermomento.com\/?p=314834"},"modified":"2019-02-04T17:55:50","modified_gmt":"2019-02-04T21:55:50","slug":"entra-en-vigencia-impuesto-para-taxis","status":"publish","type":"post","link":"https:\/\/primermomento.com\/?p=314834","title":{"rendered":"Entra en vigencia impuesto para taxis"},"content":{"rendered":"\n<p>NUEVA YORK, Nueva York.- Entr\u00f3 en vigencia este s\u00e1bado una nueva alza para los taxis en Manhattan que crucen de norte a sur la calle 96, hacia down town.<\/p>\n\n\n\n<figure class=\"wp-block-image\"><img loading=\"lazy\" decoding=\"async\" width=\"708\" height=\"522\" src=\"http:\/\/primermomento.com\/wp-content\/uploads\/2019\/02\/Entra-en-vigencia-impuestos-para-taxis-en-Manhattan-dominicanos-afectados.jpg\" alt=\"\" class=\"wp-image-314835\" srcset=\"https:\/\/primermomento.com\/wp-content\/uploads\/2019\/02\/Entra-en-vigencia-impuestos-para-taxis-en-Manhattan-dominicanos-afectados.jpg 708w, https:\/\/primermomento.com\/wp-content\/uploads\/2019\/02\/Entra-en-vigencia-impuestos-para-taxis-en-Manhattan-dominicanos-afectados-300x221.jpg 300w, https:\/\/primermomento.com\/wp-content\/uploads\/2019\/02\/Entra-en-vigencia-impuestos-para-taxis-en-Manhattan-dominicanos-afectados-500x369.jpg 500w, https:\/\/primermomento.com\/wp-content\/uploads\/2019\/02\/Entra-en-vigencia-impuestos-para-taxis-en-Manhattan-dominicanos-afectados-280x206.jpg 280w, https:\/\/primermomento.com\/wp-content\/uploads\/2019\/02\/Entra-en-vigencia-impuestos-para-taxis-en-Manhattan-dominicanos-afectados-638x470.jpg 638w, https:\/\/primermomento.com\/wp-content\/uploads\/2019\/02\/Entra-en-vigencia-impuestos-para-taxis-en-Manhattan-dominicanos-afectados-118x87.jpg 118w, https:\/\/primermomento.com\/wp-content\/uploads\/2019\/02\/Entra-en-vigencia-impuestos-para-taxis-en-Manhattan-dominicanos-afectados-479x353.jpg 479w\" sizes=\"auto, (max-width: 708px) 100vw, 708px\" \/><\/figure>\n\n\n\n<p>La\nmedida afectar\u00e1 cientos de dominicanos, al igual que otras etnias, que conducen\ntaxis y los abordan hacia esa \u00e1rea.<\/p>\n\n\n\n<p>El alza consiste en&nbsp;$2.50 d\u00f3lares\nadicionales que deber\u00e1 pagar el usuario de taxi amarillo, que de por s\u00ed cobra\n$2.80 antes de iniciar el viaje.<\/p>\n\n\n\n<p>Para Uber, Lyft y\n\u201cBlack car\u201d el cobro ser\u00e1 de $2.75, adem\u00e1s, 75 centavos por viajes compartidos\npor m\u00faltiples usuarios.<\/p>\n\n\n\n<p>Tambi\u00e9n a los miles\nde taxis \u201clivery\u201d y verdes, que son conducidos en su mayor\u00eda por quisqueyanos\nen Manhattan se le aplicar\u00e1 el recargo de los $2.50 d\u00f3lar.<\/p>\n\n\n\n<p>Con esta medida el\ngobernador Andrew Cuomo procura recaudar 15 mil millones de d\u00f3lares, a trav\u00e9s\nde los a\u00f1os, para obras de modernizaci\u00f3n en el subway.<\/p>\n\n\n\n<p><strong>Taxistas\nprotestan<\/strong><\/p>\n\n\n\n<p>Este domingo, decenas\nde taxistas protestaron en las afueras de las oficinas del gobernador Cuomo en\ncontra de la medida, la que aseguran podr\u00eda dejarlos sin trabajo.<\/p>\n\n\n\n<p>Los taxistas le\nllaman a este cobro \u00abel impuesto del suicidio\u00bb, en referencia a\nvarios de sus compa\u00f1eros que se han quitado la vida, aparentemente por las\ndificultades financieras que enfrentan ante la competencia de los servicios de\ntaxi por app.<\/p>\n\n\n\n<p>El plan del gobernador se aplica a todos los servicios de taxis por app, autos de alquiler por hora y taxis amarillos.<\/p>\n\n\n\n<p style=\"text-align:right\">Ram\u00f3n Mercedes<\/p>\n","protected":false},"excerpt":{"rendered":"<p>NUEVA YORK, Nueva York.- Entr\u00f3 en vigencia este s\u00e1bado una nueva alza para los taxis en Manhattan que crucen de norte a sur la calle 96, hacia down town. La medida afectar\u00e1 cientos de dominicanos, al igual que otras etnias, que conducen taxis y los abordan hacia esa \u00e1rea. El alza consiste en&nbsp;$2.50 d\u00f3lares adicionales [&hellip;]<\/p>\n","protected":false},"author":1,"featured_media":0,"comment_status":"open","ping_status":"open","sticky":false,"template":"","format":"standard","meta":{"_bbp_topic_count":0,"_bbp_reply_count":0,"_bbp_total_topic_count":0,"_bbp_total_reply_count":0,"_bbp_voice_count":0,"_bbp_anonymous_reply_count":0,"_bbp_topic_count_hidden":0,"_bbp_reply_count_hidden":0,"_bbp_forum_subforum_count":0,"footnotes":""},"categories":[30,60],"tags":[],"class_list":{"0":"post-314834","1":"post","2":"type-post","3":"status-publish","4":"format-standard","6":"category-actualidad","7":"category-titulares-del-dia"},"_links":{"self":[{"href":"https:\/\/primermomento.com\/index.php?rest_route=\/wp\/v2\/posts\/314834","targetHints":{"allow":["GET"]}}],"collection":[{"href":"https:\/\/primermomento.com\/index.php?rest_route=\/wp\/v2\/posts"}],"about":[{"href":"https:\/\/primermomento.com\/index.php?rest_route=\/wp\/v2\/types\/post"}],"author":[{"embeddable":true,"href":"https:\/\/primermomento.com\/index.php?rest_route=\/wp\/v2\/users\/1"}],"replies":[{"embeddable":true,"href":"https:\/\/primermomento.com\/index.php?rest_route=%2Fwp%2Fv2%2Fcomments&post=314834"}],"version-history":[{"count":1,"href":"https:\/\/primermomento.com\/index.php?rest_route=\/wp\/v2\/posts\/314834\/revisions"}],"predecessor-version":[{"id":314836,"href":"https:\/\/primermomento.com\/index.php?rest_route=\/wp\/v2\/posts\/314834\/revisions\/314836"}],"wp:attachment":[{"href":"https:\/\/primermomento.com\/index.php?rest_route=%2Fwp%2Fv2%2Fmedia&parent=314834"}],"wp:term":[{"taxonomy":"category","embeddable":true,"href":"https:\/\/primermomento.com\/index.php?rest_route=%2Fwp%2Fv2%2Fcategories&post=314834"},{"taxonomy":"post_tag","embeddable":true,"href":"https:\/\/primermomento.com\/index.php?rest_route=%2Fwp%2Fv2%2Ftags&post=314834"}],"curies":[{"name":"wp","href":"https:\/\/api.w.org\/{rel}","templated":true}]}}