{"id":314837,"date":"2019-02-04T09:58:20","date_gmt":"2019-02-04T13:58:20","guid":{"rendered":"http:\/\/primermomento.com\/?p=314837"},"modified":"2019-02-04T17:59:02","modified_gmt":"2019-02-04T21:59:02","slug":"espaillat-dice-esta-comprometido-garantizar-acuerdo-mejorara-vida-residentes-nycha","status":"publish","type":"post","link":"https:\/\/primermomento.com\/?p=314837","title":{"rendered":"Espaillat dice est\u00e1 comprometido garantizar acuerdo mejorar\u00e1 vida residentes NYCHA"},"content":{"rendered":"\n<p>NUEVA YORK, Nueva York.- El congresista Adriano Espaillat se manifest\u00f3 comprometido en garantizar que se cumpla el anuncio hecho por el&nbsp;Secretario del Departamento de Vivienda y Desarrollo Urbano (HUD) de los Estados Unidos y la Autoridad de Vivienda de la Ciudad de Nueva York (NYCHA).<\/p>\n\n\n\n<figure class=\"wp-block-image\"><img loading=\"lazy\" decoding=\"async\" width=\"594\" height=\"314\" src=\"http:\/\/primermomento.com\/wp-content\/uploads\/2019\/02\/Espaillat-Estoy-comprometido-garantizar-acuerdo-mejorar\u00e1-vida-residentes-NYCHA.jpg\" alt=\"\" class=\"wp-image-314838\" srcset=\"https:\/\/primermomento.com\/wp-content\/uploads\/2019\/02\/Espaillat-Estoy-comprometido-garantizar-acuerdo-mejorar\u00e1-vida-residentes-NYCHA.jpg 594w, https:\/\/primermomento.com\/wp-content\/uploads\/2019\/02\/Espaillat-Estoy-comprometido-garantizar-acuerdo-mejorar\u00e1-vida-residentes-NYCHA-300x159.jpg 300w, https:\/\/primermomento.com\/wp-content\/uploads\/2019\/02\/Espaillat-Estoy-comprometido-garantizar-acuerdo-mejorar\u00e1-vida-residentes-NYCHA-500x264.jpg 500w, https:\/\/primermomento.com\/wp-content\/uploads\/2019\/02\/Espaillat-Estoy-comprometido-garantizar-acuerdo-mejorar\u00e1-vida-residentes-NYCHA-280x148.jpg 280w, https:\/\/primermomento.com\/wp-content\/uploads\/2019\/02\/Espaillat-Estoy-comprometido-garantizar-acuerdo-mejorar\u00e1-vida-residentes-NYCHA-118x62.jpg 118w, https:\/\/primermomento.com\/wp-content\/uploads\/2019\/02\/Espaillat-Estoy-comprometido-garantizar-acuerdo-mejorar\u00e1-vida-residentes-NYCHA-479x253.jpg 479w\" sizes=\"auto, (max-width: 594px) 100vw, 594px\" \/><\/figure>\n\n\n\n<p>Sostuvo que el \u00e1rea\nque representa, el distrito 13 (parte de Manhattan y El Bronx), es de mayor\nconcentraci\u00f3n de viviendas p\u00fablicas que cualquier otro distrito en el estado de\nNY y el territorio estadounidense, ya que tenemos 54 grandes edificaciones de\nNYCHA con decenas de miles de personas residiendo en su interior.<\/p>\n\n\n\n<p>\u201cEste es el est\u00e1ndar\nque los neoyorquinos esperan y merecen, seguir\u00e9 trabajando con mis colegas en\nel Congreso, la delegaci\u00f3n del Congreso de NY y en todo el gobierno para lograr\nestos resultados\u00bb, precis\u00f3 el legislador de origen dominicano.<\/p>\n\n\n\n<p>Reiter\u00f3 que se siente\ncomprometido con que se cumplan las promesas hechas en este acuerdo. \u201cDebemos\nasegurarnos de que las necesidades de los residentes de NYCHA sean atendidas y\nde manera expedita\u201d, dijo.<\/p>\n\n\n\n<p>Unos 400,000\nneoyorquinos residentes en los complejos de vivienda p\u00fablica a trav\u00e9s de la\nciudad se ver\u00e1n beneficiados con el acuerdo mediante el cual se modificar\u00e1n los\nhorarios de trabajo para cuidadores y supervisores de&nbsp;NYCHA.<\/p>\n\n\n\n<p>El acuerdo significa\nque los residentes tendr\u00e1n un servicio m\u00e1s r\u00e1pido y personal que trabajar\u00e1 las\n24 horas los siete d\u00edas de la semana para mantener mejor los edificios.<\/p>\n\n\n\n<p>\u201cLas mejoras se combinan con aumentos salariales que son justos para los trabajadores y los contribuyentes\u201d, destac\u00f3 el alcalde Bill de Blasio.<\/p>\n\n\n\n<p style=\"text-align:right\">Ram\u00f3n Mercedes<\/p>\n","protected":false},"excerpt":{"rendered":"<p>NUEVA YORK, Nueva York.- El congresista Adriano Espaillat se manifest\u00f3 comprometido en garantizar que se cumpla el anuncio hecho por el&nbsp;Secretario del Departamento de Vivienda y Desarrollo Urbano (HUD) de los Estados Unidos y la Autoridad de Vivienda de la Ciudad de Nueva York (NYCHA). Sostuvo que el \u00e1rea que representa, el distrito 13 (parte [&hellip;]<\/p>\n","protected":false},"author":1,"featured_media":0,"comment_status":"open","ping_status":"open","sticky":false,"template":"","format":"standard","meta":{"_bbp_topic_count":0,"_bbp_reply_count":0,"_bbp_total_topic_count":0,"_bbp_total_reply_count":0,"_bbp_voice_count":0,"_bbp_anonymous_reply_count":0,"_bbp_topic_count_hidden":0,"_bbp_reply_count_hidden":0,"_bbp_forum_subforum_count":0,"footnotes":""},"categories":[60,31],"tags":[],"class_list":{"0":"post-314837","1":"post","2":"type-post","3":"status-publish","4":"format-standard","6":"category-titulares-del-dia","7":"category-estados-unidos"},"_links":{"self":[{"href":"https:\/\/primermomento.com\/index.php?rest_route=\/wp\/v2\/posts\/314837","targetHints":{"allow":["GET"]}}],"collection":[{"href":"https:\/\/primermomento.com\/index.php?rest_route=\/wp\/v2\/posts"}],"about":[{"href":"https:\/\/primermomento.com\/index.php?rest_route=\/wp\/v2\/types\/post"}],"author":[{"embeddable":true,"href":"https:\/\/primermomento.com\/index.php?rest_route=\/wp\/v2\/users\/1"}],"replies":[{"embeddable":true,"href":"https:\/\/primermomento.com\/index.php?rest_route=%2Fwp%2Fv2%2Fcomments&post=314837"}],"version-history":[{"count":1,"href":"https:\/\/primermomento.com\/index.php?rest_route=\/wp\/v2\/posts\/314837\/revisions"}],"predecessor-version":[{"id":314839,"href":"https:\/\/primermomento.com\/index.php?rest_route=\/wp\/v2\/posts\/314837\/revisions\/314839"}],"wp:attachment":[{"href":"https:\/\/primermomento.com\/index.php?rest_route=%2Fwp%2Fv2%2Fmedia&parent=314837"}],"wp:term":[{"taxonomy":"category","embeddable":true,"href":"https:\/\/primermomento.com\/index.php?rest_route=%2Fwp%2Fv2%2Fcategories&post=314837"},{"taxonomy":"post_tag","embeddable":true,"href":"https:\/\/primermomento.com\/index.php?rest_route=%2Fwp%2Fv2%2Ftags&post=314837"}],"curies":[{"name":"wp","href":"https:\/\/api.w.org\/{rel}","templated":true}]}}