{"id":314846,"date":"2019-02-04T05:03:38","date_gmt":"2019-02-04T09:03:38","guid":{"rendered":"http:\/\/primermomento.com\/?p=314846"},"modified":"2019-02-04T18:06:28","modified_gmt":"2019-02-04T22:06:28","slug":"enterate-ny-59","status":"publish","type":"post","link":"https:\/\/primermomento.com\/?p=314846","title":{"rendered":"Ent\u00e9rate NY"},"content":{"rendered":"\n<p><em>\u201cPeriodismo informativo y cr\u00edtico al servicio de la comunidad\u00bb<\/em><\/p>\n\n\n\n<p>\u25ba \u00bfY c\u00f3mo es?: Observadores pol\u00edticos criollos en NY expresan que la denunciada campa\u00f1a sucia contra Leonel Fern\u00e1ndez, muy pocos seguidores suyos en la urbe se han pronunciado en defenderlo, otros hablan a media y otros callan. El coordinador general del Proyecto Pol\u00edtico-Leonel 2020, Radham\u00e9s Jim\u00e9nez, proclam\u00f3: \u201cEn RD se orquesta una campa\u00f1a de descr\u00e9dito contra el ex presidente, y ha sido orquestada por sectores que est\u00e1n dentro del mismo gobierno\u201d. Algunos \u201cleoncitos\u201d en la urbe han expresado que   la reiterada denuncia hecha por Quirino Paulino contra \u201cEl Le\u00f3n\u201d y el ex presidente Hip\u00f3lito Mej\u00eda visitarlo para comprobarlo, es la primera prueba, en contubernio con sectores ligados al actual gobierno (una tripleta). Otros \u201cleoncitos\u201d han hablado a media, y solo mencionan a Hip\u00f3lito y a Quirino, (un binomio) diiicen. Recordaron que hace pocos d\u00edas Jos\u00e9 Ram\u00f3n Peralta pidi\u00f3 separar la lucha partidaria de la gesti\u00f3n gubernamental.                                 Ver: https:\/\/elnacional.com.do\/peralta-pide-separar-lucha-partidaria-de-gestion-de-gobierno\/ Est\u00e1n coincidiendo algunos \u201ccompa\u00f1eritos\u201d con el ministro administrativo de la Presidencia, preguntan. \u00a1Ah! el secretario general del PLD, Reynado Pared P\u00e9rez, menciona a Claudio de los Santos, por afirm\u00e1rselo Radham\u00e9s Jim\u00e9nez y Bauta Rojas, como responsable de dicha campa\u00f1a. Ver: https:\/\/www.youtube.com\/watch?v=7AYFif80Jo8 \u00bfY c\u00f3mo es? Dijo un chusco en el Alto Manhattan.<\/p>\n\n\n\n<div class=\"wp-block-image\"><figure class=\"alignleft\"><img loading=\"lazy\" decoding=\"async\" width=\"224\" height=\"241\" src=\"http:\/\/primermomento.com\/wp-content\/uploads\/2019\/01\/Ramon-Mercedes-nueva-medida.jpg\" alt=\"\" class=\"wp-image-314411\" srcset=\"https:\/\/primermomento.com\/wp-content\/uploads\/2019\/01\/Ramon-Mercedes-nueva-medida.jpg 224w, https:\/\/primermomento.com\/wp-content\/uploads\/2019\/01\/Ramon-Mercedes-nueva-medida-204x220.jpg 204w, https:\/\/primermomento.com\/wp-content\/uploads\/2019\/01\/Ramon-Mercedes-nueva-medida-118x127.jpg 118w\" sizes=\"auto, (max-width: 224px) 100vw, 224px\" \/><\/figure><\/div>\n\n\n\n<p>\u25baLa reelecci\u00f3n: No solo en la RD se est\u00e1 debatiendo constantemente el tema de la reelecci\u00f3n: Veamos: Ricardo Carty, ex  estrella de las Grandes Ligas, se pronunci\u00f3 la semana pasada a favor de la reelecci\u00f3n del Presidente Danilo Medina, afirmando que si este no es reelecto, \u201cse hunde el pa\u00eds\u201d. Mientras Hip\u00f3lito Mej\u00eda alega \u201cla reelecci\u00f3n presidencial es un suicidio y una desgracia nacional\u201d. Leonel Fern\u00e1ndez sostiene \u201cNo hay marcha atr\u00e1s\u201d con su candidatura. En el Alto Manhattan eso es an\u00e1lisis por doquier sobre el tema; en las avenidas Saint Nicholas, Broadway, Audubon, Nagle, Sherman, y las calles Dyckman, 181, 204 y 207, entre otras v\u00edas. Unos a favor y otros en contra. \u00bfMayor\u00eda?\u2026. El qu\u00e9 opina complica, diiicen.<\/p>\n\n\n\n<p>\u25baRepatriados a RD: Nos escriben desde el Alto Manhattan. El pasado mes de enero fueron repatriados hacia la RD 148 dominicanos solo de EE.UU. Es de conocimiento que las leyes de inmigraci\u00f3n  de EE.UU est\u00e1n duras y no son como antes, como expresa la canci\u00f3n. Diiicen que entre los repatriados hay por asuntos menores (dejaron de ir a citas ante un juez, por asuntos de tr\u00e1nsito, entre otros delitos menores). Otros por narcotr\u00e1fico, asesinatos, fraude y asaltos. Pero \u201cni son todos los que est\u00e1n, ni est\u00e1n todos los que son\u201d, le recordaron al presidente Medina al referirse a los deportados. Ver: https:\/\/www.youtube.com\/watch?v=G-szAidpZ88  \u00a1Ah! Francisco Fern\u00e1ndez (FF), miembro del Comit\u00e9 Central (CC-PLD) y aspirante a diputado en EE.UU lo est\u00e1n \u201cdevorando\u201d en la comunidad criolla-NY porque se puso de \u201csabroso\u201d a decir que todos los repatriados son criminales. La delincuencia no se viste de dominicano en el exterior, se viste de hombres y mujeres insensibles que se empoderaron del poder en RD y solo est\u00e1n \u201cno para servir sino para servirse\u201d, citando al reformista Quique Ant\u00fan. \u00a1Ay!<\/p>\n\n\n\n<p>\u25baEspaldarazo del Presidente a Yomare: El nombramiento del Presidente Danilo Medina al doctor Yomare Polanco, en la OEA, es considerado por observadores criollos en NY como un \u201cespaldarazo a su sinceridad, y promoci\u00f3n de sus obras\u201d. Polanco, quien estudi\u00f3 y se gradu\u00f3 en Rusia, igual que su jefe inmediato, embajador ante la OEA, Gede\u00f3n Santos, quien se opone a un tercer per\u00edodo consecutivo, ha dicho, seg\u00fan mis fuentes. \u201cVoy a la OEA a trabajar por y para el pa\u00eds, ayudar y proteger al presidente Medina, porque me considero un hombre del mandatario y nuestra naci\u00f3n. No soy Polanco, soy dominicano.\u201d \u00bfY la reelecci\u00f3n?, preguntan algunos, shiii\u2026  =   \u042f \u0438\u0434\u0443 \u0432 \u041e\u0410\u0413, \u0447\u0442\u043e\u0431\u044b \u0440\u0430\u0431\u043e\u0442\u0430\u0442\u044c \u0434\u043b\u044f \u0441\u0442\u0440\u0430\u043d\u044b \u0438 \u0434\u043b\u044f \u043d\u0435\u0435, \u043f\u043e\u043c\u043e\u0433\u0430\u0442\u044c \u0438 \u0437\u0430\u0449\u0438\u0449\u0430\u0442\u044c \u043f\u0440\u0435\u0437\u0438\u0434\u0435\u043d\u0442\u0430 \u041c\u0435\u0434\u0438\u043d\u044b, \u043f\u043e\u0442\u043e\u043c\u0443 \u0447\u0442\u043e \u044f \u0441\u0447\u0438\u0442\u0430\u044e \u0441\u0435\u0431\u044f \u043f\u0440\u0435\u0437\u0438\u0434\u0435\u043d\u0442\u043e\u043c \u0438 \u043d\u0430\u0448\u0435\u0439 \u043d\u0430\u0446\u0438\u0435\u0439. \u042f \u043d\u0435 \u041f\u043e\u043b\u0430\u043d\u043a\u043e, \u044f \u0434\u043e\u043c\u0438\u043d\u0438\u043a\u0430\u043d\u0435\u0446.\u00bb \u00bf\u0410 \u043f\u0435\u0440\u0435\u0438\u0437\u0431\u0440\u0430\u043d\u0438\u0435?, \u0421\u043f\u0440\u043e\u0441\u0438 \u0443 \u043d\u0435\u043a\u043e\u0442\u043e\u0440\u044b\u0445, \u0448\u0438\u0438\u0438\u2026  Es puro ruso que Polanco hablar\u00e1 en la sede, diiicen, porque defiende a capa y espada al mandatario ante cualquier escenario y circunstancia, cosa que no hacen los llamados seguidores y altos funcionarios del gobierno en NY, que solo est\u00e1n pendiente a sus labore$, por eso el PLD ha perdido las dos \u00faltimas elecciones y se vislumbra la tercera como van las cosas, diiicen algunos \u201ccompa\u00f1eros\u201d.                                      Ver: https:\/\/almomento.net\/morrobel-llama-direccion-pld-ny-a-reunirse-y-coordinar-proselitismo\/   <\/p>\n\n\n\n<p>\u25baPor venir del presidente: Una fuente nos confirm\u00f3 que el doctor Yomare Polanco acept\u00f3 el cargo ante la OEA por venir del presidente Medina, a quien tiene en el mismo sitial que sus seres queridos (esposa, hijos, padres y hermanos), destacando que el profesional es el propietario de las empresas \u201cPolanco Industries\u201d y el laboratorio \u201cGuardian Drug Company\u201d, con ventas millonarias en d\u00f3lares anualmente a grandes cadenas de EE.UU, entre ellas Target, Cosco, Walmart, Walgreens y las farmacias CVS y Ryder, quienes adquieren sus productos Milanta, Fibrasina, Pecto-Bismol, y Tylenol, entre otras veintenas. Su nombramiento se debi\u00f3 a la lealtad y el apoyo al presidente, ya que en NY no lo hacen. Polanco ha sostenido peleas con detractores del Presidente.                                 Ver: https:\/\/www.youtube.com\/watch?v=D7scfPAqpao. Luego llam\u00f3 a sus detractores \u201cluchar juntos a favor de la comunidad, porque la misma est\u00e1 por encima de todo.                Ver: https:\/\/elnacional.com.do\/yomare-polanco-llama-detractores-luchar-juntos-favor-comunidad\/. A los pocos d\u00edas anuncia que su movimiento \u201cNo importa el Color, la Estrella es Danilo\u201d, \u201cLlevar\u00e1 el mensaje de la reelecci\u00f3n a m\u00e1s de un mill\u00f3n de dominicanos en EE.UU.               Ver: https:\/\/elnuevodiario.com.do\/video-afirma-llevara-mensaje-reeleccion-a-mas-de-un-millon-dominicanos-en-ee-uu\/. Esto acompa\u00f1ado del contagioso merengue \u201cDeja a Danilo ah\u00ed, no lo mueva de ah\u00ed\u201d, que hasta el mismo presidente lo ha tarareado, haciendo adem\u00e1n con su cabeza y manos, nos han informado. Escuchar: https:\/\/www.youtube.com\/watch?v=QYXGHGxsDGw.    <\/p>\n\n\n\n<p>\u25baNY inviable de vivir: Dominicanos en la Gran Manzana hablan por aqu\u00ed, hablan por all\u00e1 y diiicen: NY est\u00e1 inviable para vivir, es considerada una de las ciudades m\u00e1s caras del mundo. El sueldo m\u00ednimo lo aumentaron recientemente a 15 d\u00f3lares la hora. \u00bfY?, cuando una habitaci\u00f3n rentada en el Alto Manhattan oscila entre los $800 y 1,000 d\u00f3lares al mes (Unos 50 mil pesos dominicanos). As\u00ed como lo lee. Este s\u00e1bado le aumentaron a los neoyorkinos que utilicen taxis (amarillo, Uber, black car, verde, livery) y crucen de norte a sur la calle 96 en Manhattan, la suma de US$2.50; adem\u00e1s est\u00e1 al doblar la esquina otro aumento a la tarjeta del tren y autobuses (MetroCard), ya que se necesitan 15 mil millones de d\u00f3lares para modernizar el subway, ha precisado el gobernador Andrew Cuomo. La empresa ConEdison est\u00e1 solicitando aumentar las tarifas por el servicio de luz y el gas. De ser aprobada su petici\u00f3n, los neoyorquinos podr\u00edan pagar US$4.45 adicionales en sus facturas mensuales.  Y como dice el merengue \u201cSi siguen apretando la tuerca, se puede correr la rosca\u201d  https:\/\/www.youtube.com\/watch?v=m8UzbElnChc<\/p>\n\n\n\n<p>\u25ba\u00bfCrisis en el partido de Amable en NY?: Parece que se asoma o hay una crisis en  la filial-NY del Partido Liberal Reformista (PLR) que lidera el senador por Hig\u00fcey, Amable Aristy Castro. Veamos. F\u00e9lix Jerez fue juramentado (2015) por el propio Amable. Luego, Jerez ha llevado juramentaciones en Carolina del Norte: Ver: https:\/\/almomento.net\/estados-unidos-juramentan-directiva-del-partido-reformista-liberal-en-carolina-del-norte\/, en Haverstraw.                                    Ver: https:\/\/listinusa.net\/partido-liberal-reformista-se-instala-en-haverstraw-nueva-york\/, y otros lugares. La semana pasada, F\u00e9lix Figueroa, quien funge como secretario de ultramar, envi\u00f3 un documento a algunos dirigentes del partido de la Circunscripci\u00f3n 1 en EE.UU, entre ellos a los esposos V\u00edctor Senise y Damarys Mu\u00f1oz, quienes aspiran a diputados. Entre otras cosas Figueroa expresa: El se\u00f1or Senise, coordinador general de dicha Circunscripci\u00f3n, junto a la secretar\u00eda de Ultramar, somos los encargados de organizar y reestructurar las diferentes filiales en la mencionada jurisdicci\u00f3n. Es deber de todos los dirigentes unirse y cooperar con  tan importantes labores que realizaremos a favor de nuestro PLR, para garantizar un buen desempe\u00f1o en los pr\u00f3ximos comicios. \u00a1Ah! los esposos mencionados son fieles seguidores de Alexis Joaqu\u00edn Castillo, dondequiera que est\u00e1n es mencionando y promoviendo a Joaqu\u00edn Castillo en vez de Aristy Castro, diiicen. <\/p>\n\n\n\n<p>\u25baExcesivos los precios del curso: Profesionales, pol\u00edticos, estudiantes y comunitarios dominicanos en NY viven comentando que los diplomados que impartir\u00e1 \u201cel Comit\u00e9 de Educaci\u00f3n Superior del Exterior\u201d (CESUDEX) y la UASD sobre Pol\u00edtica Exterior, Relaciones Internacionales, Ciencias Pol\u00edticas y Gobernabilidad Democr\u00e1tica est\u00e1n muy caros, sobrepasando los 500 d\u00f3lares. \u00a1Uff!<\/p>\n\n\n\n<p>\u25baUn valor dominicano en NY: El ex campe\u00f3n mundial de boxeo minimosca (1976), el dominicano Juan Guzm\u00e1n, quien desde hace varios a\u00f1os se desempe\u00f1a como instructor en la reconocida escuela de boxeo Gleason Gym en Brooklyn, ubicada en el 75 de la calle Franklyn, preparando j\u00f3venes en las 140, 147, 154, 160 y 175 libras, mantiene su inter\u00e9s que en el Alto Manhattan se instale una escuela para incorporar los j\u00f3venes quisqueyanos amante del boxeo a la disciplina.  Si usted lo ve caminar por ah\u00ed, como lo hace de costumbre, d\u00edgale \u201cJuan, usted es un valor dominicano en NY\u201d.<\/p>\n\n\n\n<p>\u25baServicio comunitario: La Asistencia Temporal para Familias Necesitadas Plan (TANF), efectivo desde el 1 de enero 2018 hasta el 31 de diciembre 2020, ayuda con el pago de facturas de tel\u00e9fono, gastos m\u00e9dicos y asistencia para familias necesitadas. Para m\u00e1s informaci\u00f3n llamar al 1-800-447-8477 o visitar https:\/\/otda.ny.gov\/policy\/tanf\/ <\/p>\n\n\n\n<p>\u25baCultura General: El rompehielos nuclear Arktika (Rusia) es el m\u00e1s potente del mundo. Puede romper capas de hielo de 3 metros de espesor e ir a una velocidad de 2 nudos (cerca de 4 km\/h), y estar hasta cuatro a\u00f1os navegando. El pasado jueves, un barco de la Guardia Costera de NY tuvo que romper hielo en el r\u00edo Hudson, de 506 kil\u00f3metros de largo y una profundidad m\u00e1xima de 62 metros, para mantener abierto el canal hacia la capital de Albany. Ese d\u00eda las temperaturas amanecieron en NY en -14 grados Fahrenheit.<\/p>\n\n\n\n<p>\u25baTurismo en RD: Salto El Lim\u00f3n en Saman\u00e1 es una cascada de m\u00e1s de 40 metros de altura que cae en una piscina natural donde las personas se pueden ba\u00f1ar. Su acceso est\u00e1 en el camino a Las Terrenas. Se puede ir tanto a caballo como a pie, y llegar en 40 minutos. Las excursiones salen de las \u201cparadas\u201d, que son lugares donde los agricultores de la zona esperan para guiar a los visitantes al salto, y sus precios var\u00edan.<\/p>\n\n\n\n<p>\u25baD\u00f3lar, euro y combustibles en RD: Hasta este domingo: \u25baCompra del d\u00f3lar 49.96 y venta 50.40 \u25baCompra Euro 56.06 pesos y venta 59.93 \u25baGal\u00f3n de gasolina Premium 214.40 y regular 197.40 \u25baGasoil Premium 185.30 y regular 172.40 \u25baKerosene 163.70 \u25baGas Licuado de Petr\u00f3leo (GLP o propano) 106.10 \u25ba Gas Natural Vehicular 28.97<\/p>\n\n\n\n<p>\u25baNuestro idioma: Fam\u00e9lico = Que tiene o pasa mucha hambre. Prurito = Deseo constante, y a veces excesivo, de hacer una cosa de la forma m\u00e1s completa o perfecta.<\/p>\n\n\n\n<p>\u25baCita hist\u00f3rica: \u201cS\u00e9 bondadoso con todos cuando subas; los encontrar\u00e1s a todos cuando bajes\u201d. (E. Punset,  jurista, escritor, economista, pol\u00edtico espa\u00f1ol.<\/p>\n\n\n\n<p>\u25baRefr\u00e1n y significado: No Hay Mal Que Por Bien No Venga = A veces, algo negativo trae consecuencias positivas.<\/p>\n\n\n\n<p style=\"text-align:right\">Ram\u00f3n Mercedes<br> <em>Periodista<\/em><\/p>\n","protected":false},"excerpt":{"rendered":"<p>\u201cPeriodismo informativo y cr\u00edtico al servicio de la comunidad\u00bb \u25ba \u00bfY c\u00f3mo es?: Observadores pol\u00edticos criollos en NY expresan que la denunciada campa\u00f1a sucia contra Leonel Fern\u00e1ndez, muy pocos seguidores suyos en la urbe se han pronunciado en defenderlo, otros hablan a media y otros callan. El coordinador general del Proyecto Pol\u00edtico-Leonel 2020, Radham\u00e9s Jim\u00e9nez, [&hellip;]<\/p>\n","protected":false},"author":1,"featured_media":0,"comment_status":"open","ping_status":"open","sticky":false,"template":"","format":"standard","meta":{"_bbp_topic_count":0,"_bbp_reply_count":0,"_bbp_total_topic_count":0,"_bbp_total_reply_count":0,"_bbp_voice_count":0,"_bbp_anonymous_reply_count":0,"_bbp_topic_count_hidden":0,"_bbp_reply_count_hidden":0,"_bbp_forum_subforum_count":0,"footnotes":""},"categories":[33],"tags":[],"class_list":{"0":"post-314846","1":"post","2":"type-post","3":"status-publish","4":"format-standard","6":"category-opinion"},"_links":{"self":[{"href":"https:\/\/primermomento.com\/index.php?rest_route=\/wp\/v2\/posts\/314846","targetHints":{"allow":["GET"]}}],"collection":[{"href":"https:\/\/primermomento.com\/index.php?rest_route=\/wp\/v2\/posts"}],"about":[{"href":"https:\/\/primermomento.com\/index.php?rest_route=\/wp\/v2\/types\/post"}],"author":[{"embeddable":true,"href":"https:\/\/primermomento.com\/index.php?rest_route=\/wp\/v2\/users\/1"}],"replies":[{"embeddable":true,"href":"https:\/\/primermomento.com\/index.php?rest_route=%2Fwp%2Fv2%2Fcomments&post=314846"}],"version-history":[{"count":1,"href":"https:\/\/primermomento.com\/index.php?rest_route=\/wp\/v2\/posts\/314846\/revisions"}],"predecessor-version":[{"id":314847,"href":"https:\/\/primermomento.com\/index.php?rest_route=\/wp\/v2\/posts\/314846\/revisions\/314847"}],"wp:attachment":[{"href":"https:\/\/primermomento.com\/index.php?rest_route=%2Fwp%2Fv2%2Fmedia&parent=314846"}],"wp:term":[{"taxonomy":"category","embeddable":true,"href":"https:\/\/primermomento.com\/index.php?rest_route=%2Fwp%2Fv2%2Fcategories&post=314846"},{"taxonomy":"post_tag","embeddable":true,"href":"https:\/\/primermomento.com\/index.php?rest_route=%2Fwp%2Fv2%2Ftags&post=314846"}],"curies":[{"name":"wp","href":"https:\/\/api.w.org\/{rel}","templated":true}]}}