{"id":314850,"date":"2019-02-05T15:26:01","date_gmt":"2019-02-05T19:26:01","guid":{"rendered":"http:\/\/primermomento.com\/?p=314850"},"modified":"2019-02-05T15:26:03","modified_gmt":"2019-02-05T19:26:03","slug":"miembros-del-pld-reclaman-congreso","status":"publish","type":"post","link":"https:\/\/primermomento.com\/?p=314850","title":{"rendered":"Miembros del PLD reclaman congreso"},"content":{"rendered":"\n<p> SANTO DOMINGO, Rep\u00fablica Dominicana.- Miembros de la Corriente  Institucionalista del Partido de la Liberaci\u00f3n Dominicana (PLD)  reclamaron hoy en esta capital un congreso como \u00fanica manera de resolver  los problemas internos de esa organizaci\u00f3n.                         <br>                          <\/p>\n\n\n\n<div class=\"wp-block-image\"><figure class=\"aligncenter\"><img loading=\"lazy\" decoding=\"async\" width=\"527\" height=\"393\" src=\"http:\/\/primermomento.com\/wp-content\/uploads\/2019\/02\/Casa-Nacional-PLD1.jpg\" alt=\"\" class=\"wp-image-314852\" srcset=\"https:\/\/primermomento.com\/wp-content\/uploads\/2019\/02\/Casa-Nacional-PLD1.jpg 527w, https:\/\/primermomento.com\/wp-content\/uploads\/2019\/02\/Casa-Nacional-PLD1-300x224.jpg 300w, https:\/\/primermomento.com\/wp-content\/uploads\/2019\/02\/Casa-Nacional-PLD1-120x90.jpg 120w, https:\/\/primermomento.com\/wp-content\/uploads\/2019\/02\/Casa-Nacional-PLD1-500x373.jpg 500w, https:\/\/primermomento.com\/wp-content\/uploads\/2019\/02\/Casa-Nacional-PLD1-280x209.jpg 280w, https:\/\/primermomento.com\/wp-content\/uploads\/2019\/02\/Casa-Nacional-PLD1-118x88.jpg 118w, https:\/\/primermomento.com\/wp-content\/uploads\/2019\/02\/Casa-Nacional-PLD1-479x357.jpg 479w\" sizes=\"auto, (max-width: 527px) 100vw, 527px\" \/><figcaption>El Pa\u00eds \/ Fachada Casa Nacional de PLD, Hoy \/ Francisco Reyes \/ 21 \/ 11 \/ 2013 \/<\/figcaption><\/figure><\/div>\n\n\n\n<p>Seg\u00fan una nota de  prensa de la Secretar\u00eda de Comunicaciones del partido de gobierno, los  dirigentes de la mencionada corriente expresaron que un Congreso es la  instancia con el poder y la fuerza legal destinada a reencauzar la lucha  por los objetivos y fines los cuales les dieron origen al PLD.<\/p>\n\n\n\n<p> \nEl miembro del Comit\u00e9 Central, Pa\u00edno Abreu, explic\u00f3 sobre la necesidad \nde que se convoque al congreso ordinario de la instituci\u00f3n porque el \npasado 26 de enero concluy\u00f3 el mandato del Comit\u00e9 Central por tanto se \nimpone la conformaci\u00f3n de la Comisi\u00f3n Organizadora del Congreso.<\/p>\n\n\n\n<p>\n &#8216;La institucionalidad del Partido debe ser respetada y sus dirigentes, \npor m\u00e1s encumbrados que est\u00e9n, deben ce\u00f1irse al mandato de la \nConstituci\u00f3n y la Ley de Partidos Pol\u00edticos y su Reglamento de \naplicaci\u00f3n para el funcionamiento de las organizaciones pol\u00edticas&#8217;, \nagreg\u00f3.<\/p>\n\n\n\n<p> Asimismo, dijo que deben acogerse a las normas y \ntradici\u00f3n democr\u00e1tica pelede\u00edsta, pues nadie est\u00e1 por encima de las \nreglas convenidas, como tampoco se tiene derecho a destruir la obra \ncumbre de Juan Bosch y el legado del pueblo dominicano.<\/p>\n\n\n\n<p> Por \n\u00faltimo, la informaci\u00f3n a\u00f1ade que Abreu inform\u00f3 como la Corriente \nInstitucionalista advirti\u00f3 el deterioro de la organizaci\u00f3n durante todo \nel a\u00f1o 2018 y lo hicieron dirigi\u00e9ndose formalmente a la direcci\u00f3n del \npartido y p\u00fablicamente a trav\u00e9s de los medios de comunicaci\u00f3n.<\/p>\n\n\n\n<p>  El PLD hoy por hoy vive momentos convulsos y esa tolda pol\u00edtica est\u00e1  resentida con acusaciones entre sus l\u00edderes, cr\u00edticas que van y vienen y  todo un sin n\u00famero de problemas, los cuales crecen mientras m\u00e1s se  acercan las elecciones.<\/p>\n\n\n\n<p style=\"text-align:right\">PL<br><\/p>\n","protected":false},"excerpt":{"rendered":"<p>SANTO DOMINGO, Rep\u00fablica Dominicana.- Miembros de la Corriente Institucionalista del Partido de la Liberaci\u00f3n Dominicana (PLD) reclamaron hoy en esta capital un congreso como \u00fanica manera de resolver los problemas internos de esa organizaci\u00f3n. Seg\u00fan una nota de prensa de la Secretar\u00eda de Comunicaciones del partido de gobierno, los dirigentes de la mencionada corriente expresaron [&hellip;]<\/p>\n","protected":false},"author":1,"featured_media":0,"comment_status":"open","ping_status":"open","sticky":false,"template":"","format":"standard","meta":{"_bbp_topic_count":0,"_bbp_reply_count":0,"_bbp_total_topic_count":0,"_bbp_total_reply_count":0,"_bbp_voice_count":0,"_bbp_anonymous_reply_count":0,"_bbp_topic_count_hidden":0,"_bbp_reply_count_hidden":0,"_bbp_forum_subforum_count":0,"footnotes":""},"categories":[30,60],"tags":[],"class_list":{"0":"post-314850","1":"post","2":"type-post","3":"status-publish","4":"format-standard","6":"category-actualidad","7":"category-titulares-del-dia"},"_links":{"self":[{"href":"https:\/\/primermomento.com\/index.php?rest_route=\/wp\/v2\/posts\/314850","targetHints":{"allow":["GET"]}}],"collection":[{"href":"https:\/\/primermomento.com\/index.php?rest_route=\/wp\/v2\/posts"}],"about":[{"href":"https:\/\/primermomento.com\/index.php?rest_route=\/wp\/v2\/types\/post"}],"author":[{"embeddable":true,"href":"https:\/\/primermomento.com\/index.php?rest_route=\/wp\/v2\/users\/1"}],"replies":[{"embeddable":true,"href":"https:\/\/primermomento.com\/index.php?rest_route=%2Fwp%2Fv2%2Fcomments&post=314850"}],"version-history":[{"count":1,"href":"https:\/\/primermomento.com\/index.php?rest_route=\/wp\/v2\/posts\/314850\/revisions"}],"predecessor-version":[{"id":314853,"href":"https:\/\/primermomento.com\/index.php?rest_route=\/wp\/v2\/posts\/314850\/revisions\/314853"}],"wp:attachment":[{"href":"https:\/\/primermomento.com\/index.php?rest_route=%2Fwp%2Fv2%2Fmedia&parent=314850"}],"wp:term":[{"taxonomy":"category","embeddable":true,"href":"https:\/\/primermomento.com\/index.php?rest_route=%2Fwp%2Fv2%2Fcategories&post=314850"},{"taxonomy":"post_tag","embeddable":true,"href":"https:\/\/primermomento.com\/index.php?rest_route=%2Fwp%2Fv2%2Ftags&post=314850"}],"curies":[{"name":"wp","href":"https:\/\/api.w.org\/{rel}","templated":true}]}}