{"id":314854,"date":"2019-02-05T15:29:58","date_gmt":"2019-02-05T19:29:58","guid":{"rendered":"http:\/\/primermomento.com\/?p=314854"},"modified":"2019-02-05T15:29:59","modified_gmt":"2019-02-05T19:29:59","slug":"deportados-95-exconvictos-dominicanos-de-eeuu","status":"publish","type":"post","link":"https:\/\/primermomento.com\/?p=314854","title":{"rendered":"Deportados 95 exconvictos dominicanos de EEUU"},"content":{"rendered":"\n<p> SANTO DOMINGO, Rep\u00fablica Dominicana.- Las autoridades de Inmigraci\u00f3n y Aduanas  de Estados Unidos deportaron hoy a 95 dominicanos que cumplieron  condenas por diversos delitos en esa naci\u00f3n, siendo este el tercer grupo  de 2019.                         <br>                          <\/p>\n\n\n\n<figure class=\"wp-block-image\"><img loading=\"lazy\" decoding=\"async\" width=\"612\" height=\"360\" src=\"http:\/\/primermomento.com\/wp-content\/uploads\/2018\/05\/dominicanos-deportados2.jpg\" alt=\"\" class=\"wp-image-306428\" srcset=\"https:\/\/primermomento.com\/wp-content\/uploads\/2018\/05\/dominicanos-deportados2.jpg 612w, https:\/\/primermomento.com\/wp-content\/uploads\/2018\/05\/dominicanos-deportados2-300x176.jpg 300w, https:\/\/primermomento.com\/wp-content\/uploads\/2018\/05\/dominicanos-deportados2-110x66.jpg 110w, https:\/\/primermomento.com\/wp-content\/uploads\/2018\/05\/dominicanos-deportados2-500x294.jpg 500w, https:\/\/primermomento.com\/wp-content\/uploads\/2018\/05\/dominicanos-deportados2-280x165.jpg 280w, https:\/\/primermomento.com\/wp-content\/uploads\/2018\/05\/dominicanos-deportados2-118x69.jpg 118w, https:\/\/primermomento.com\/wp-content\/uploads\/2018\/05\/dominicanos-deportados2-479x282.jpg 479w\" sizes=\"auto, (max-width: 612px) 100vw, 612px\" \/><\/figure>\n\n\n\n<p>Los devueltos llegaron a Rep\u00fablica Dominicana en un avi\u00f3n de aquella  instituci\u00f3n por el aeropuerto internacional de Las Am\u00e9ricas, en esta  capital.<\/p>\n\n\n\n<p> Los repatriados fueron entregados a funcionarios de la \nDirecci\u00f3n General de Migraci\u00f3n, de Control de Drogas, del Cuerpo \nEspecializado de Seguridad Aeroportuaria y de la Aviaci\u00f3n Civil, entre \notras.<\/p>\n\n\n\n<p> Desde la terminal a\u00e9rea, los 95 deportados fueron \ntrasladados al Centro de Refugio de Personas Detenidas y Repatriadas, \nque Migraci\u00f3n posee en la comunidad de Haina, San Crist\u00f3bal y all\u00ed ser\u00e1n\n depurados, fichados y luego entregados a sus familiares.<\/p>\n\n\n\n<p> Con este grupo asciende a 243 los repatriados en lo que va de este a\u00f1o. <\/p>\n\n\n\n<p style=\"text-align:right\">PL<\/p>\n","protected":false},"excerpt":{"rendered":"<p>SANTO DOMINGO, Rep\u00fablica Dominicana.- Las autoridades de Inmigraci\u00f3n y Aduanas de Estados Unidos deportaron hoy a 95 dominicanos que cumplieron condenas por diversos delitos en esa naci\u00f3n, siendo este el tercer grupo de 2019. Los devueltos llegaron a Rep\u00fablica Dominicana en un avi\u00f3n de aquella instituci\u00f3n por el aeropuerto internacional de Las Am\u00e9ricas, en esta [&hellip;]<\/p>\n","protected":false},"author":1,"featured_media":0,"comment_status":"open","ping_status":"open","sticky":false,"template":"","format":"standard","meta":{"_bbp_topic_count":0,"_bbp_reply_count":0,"_bbp_total_topic_count":0,"_bbp_total_reply_count":0,"_bbp_voice_count":0,"_bbp_anonymous_reply_count":0,"_bbp_topic_count_hidden":0,"_bbp_reply_count_hidden":0,"_bbp_forum_subforum_count":0,"footnotes":""},"categories":[60,32],"tags":[],"class_list":{"0":"post-314854","1":"post","2":"type-post","3":"status-publish","4":"format-standard","6":"category-titulares-del-dia","7":"category-lo-ultimo"},"_links":{"self":[{"href":"https:\/\/primermomento.com\/index.php?rest_route=\/wp\/v2\/posts\/314854","targetHints":{"allow":["GET"]}}],"collection":[{"href":"https:\/\/primermomento.com\/index.php?rest_route=\/wp\/v2\/posts"}],"about":[{"href":"https:\/\/primermomento.com\/index.php?rest_route=\/wp\/v2\/types\/post"}],"author":[{"embeddable":true,"href":"https:\/\/primermomento.com\/index.php?rest_route=\/wp\/v2\/users\/1"}],"replies":[{"embeddable":true,"href":"https:\/\/primermomento.com\/index.php?rest_route=%2Fwp%2Fv2%2Fcomments&post=314854"}],"version-history":[{"count":1,"href":"https:\/\/primermomento.com\/index.php?rest_route=\/wp\/v2\/posts\/314854\/revisions"}],"predecessor-version":[{"id":314856,"href":"https:\/\/primermomento.com\/index.php?rest_route=\/wp\/v2\/posts\/314854\/revisions\/314856"}],"wp:attachment":[{"href":"https:\/\/primermomento.com\/index.php?rest_route=%2Fwp%2Fv2%2Fmedia&parent=314854"}],"wp:term":[{"taxonomy":"category","embeddable":true,"href":"https:\/\/primermomento.com\/index.php?rest_route=%2Fwp%2Fv2%2Fcategories&post=314854"},{"taxonomy":"post_tag","embeddable":true,"href":"https:\/\/primermomento.com\/index.php?rest_route=%2Fwp%2Fv2%2Ftags&post=314854"}],"curies":[{"name":"wp","href":"https:\/\/api.w.org\/{rel}","templated":true}]}}