{"id":314860,"date":"2019-02-05T09:33:37","date_gmt":"2019-02-05T13:33:37","guid":{"rendered":"http:\/\/primermomento.com\/?p=314860"},"modified":"2019-02-05T15:37:26","modified_gmt":"2019-02-05T19:37:26","slug":"continua-juicio-a-implicados-en-caso-odebrecht","status":"publish","type":"post","link":"https:\/\/primermomento.com\/?p=314860","title":{"rendered":"Contin\u00faa juicio a implicados en caso Odebrecht"},"content":{"rendered":"\n<p> SANTO DOMINGO, Rep\u00fablica Dominicana.- El juez de la Instrucci\u00f3n Especial de la  Suprema Corte de Rep\u00fablica Dominicana, Francisco Ortega, decidi\u00f3  continuar este martes la audiencia preliminar contra los implicados en el  caso Odebrecht, luego de escuchar hoy las pruebas contra Victor D\u00edaz.     <\/p>\n\n\n\n<figure class=\"wp-block-image\"><img loading=\"lazy\" decoding=\"async\" width=\"580\" height=\"386\" src=\"http:\/\/primermomento.com\/wp-content\/uploads\/2017\/05\/juez-Francisco-Ortega-Polanco.jpg\" alt=\"\" class=\"wp-image-290664\" srcset=\"https:\/\/primermomento.com\/wp-content\/uploads\/2017\/05\/juez-Francisco-Ortega-Polanco.jpg 580w, https:\/\/primermomento.com\/wp-content\/uploads\/2017\/05\/juez-Francisco-Ortega-Polanco-300x200.jpg 300w, https:\/\/primermomento.com\/wp-content\/uploads\/2017\/05\/juez-Francisco-Ortega-Polanco-73x50.jpg 73w, https:\/\/primermomento.com\/wp-content\/uploads\/2017\/05\/juez-Francisco-Ortega-Polanco-500x333.jpg 500w, https:\/\/primermomento.com\/wp-content\/uploads\/2017\/05\/juez-Francisco-Ortega-Polanco-280x186.jpg 280w, https:\/\/primermomento.com\/wp-content\/uploads\/2017\/05\/juez-Francisco-Ortega-Polanco-60x40.jpg 60w, https:\/\/primermomento.com\/wp-content\/uploads\/2017\/05\/juez-Francisco-Ortega-Polanco-118x79.jpg 118w, https:\/\/primermomento.com\/wp-content\/uploads\/2017\/05\/juez-Francisco-Ortega-Polanco-479x319.jpg 479w\" sizes=\"auto, (max-width: 580px) 100vw, 580px\" \/><figcaption>Magistrado Francisco Ortega Polanco. Foto | EFE\/Orlando Barr\u00eda <\/figcaption><\/figure>\n\n\n\n<p>Seg\u00fan Ortega, en la audiencia de ma\u00f1ana el Ministerio P\u00fablico debe  efectuar la presentaci\u00f3n de pruebas contra el expresidente del Senado  Andr\u00e9s Bautista, contra quien plantea que posee m\u00e1s de 40 piezas  documentales y siete testimonios.                         <br>                         <\/p>\n\n\n\n<p> Los miembros de  la Procuradur\u00eda Especializada de Persecuci\u00f3n contra la Corrupci\u00f3n  Administrativa llevaron a cabo este lunes la presentaci\u00f3n de pruebas  contra D\u00edaz, y aportaron ocho testimonios y 58 pruebas documentales.<\/p>\n\n\n\n<p>  El juez estableci\u00f3 un calendario organizado por orden alfab\u00e9tico para  el proceso en el cual la Fiscal\u00eda tiene cinco d\u00edas para presentar sus  pruebas y los abogados de los imputados la misma cantidad de d\u00edas para  defenderse. <\/p>\n\n\n\n<p style=\"text-align:right\">PL<\/p>\n","protected":false},"excerpt":{"rendered":"<p>SANTO DOMINGO, Rep\u00fablica Dominicana.- El juez de la Instrucci\u00f3n Especial de la Suprema Corte de Rep\u00fablica Dominicana, Francisco Ortega, decidi\u00f3 continuar este martes la audiencia preliminar contra los implicados en el caso Odebrecht, luego de escuchar hoy las pruebas contra Victor D\u00edaz. Seg\u00fan Ortega, en la audiencia de ma\u00f1ana el Ministerio P\u00fablico debe efectuar la [&hellip;]<\/p>\n","protected":false},"author":1,"featured_media":0,"comment_status":"open","ping_status":"open","sticky":false,"template":"","format":"standard","meta":{"_bbp_topic_count":0,"_bbp_reply_count":0,"_bbp_total_topic_count":0,"_bbp_total_reply_count":0,"_bbp_voice_count":0,"_bbp_anonymous_reply_count":0,"_bbp_topic_count_hidden":0,"_bbp_reply_count_hidden":0,"_bbp_forum_subforum_count":0,"footnotes":""},"categories":[60,32],"tags":[],"class_list":{"0":"post-314860","1":"post","2":"type-post","3":"status-publish","4":"format-standard","6":"category-titulares-del-dia","7":"category-lo-ultimo"},"_links":{"self":[{"href":"https:\/\/primermomento.com\/index.php?rest_route=\/wp\/v2\/posts\/314860","targetHints":{"allow":["GET"]}}],"collection":[{"href":"https:\/\/primermomento.com\/index.php?rest_route=\/wp\/v2\/posts"}],"about":[{"href":"https:\/\/primermomento.com\/index.php?rest_route=\/wp\/v2\/types\/post"}],"author":[{"embeddable":true,"href":"https:\/\/primermomento.com\/index.php?rest_route=\/wp\/v2\/users\/1"}],"replies":[{"embeddable":true,"href":"https:\/\/primermomento.com\/index.php?rest_route=%2Fwp%2Fv2%2Fcomments&post=314860"}],"version-history":[{"count":1,"href":"https:\/\/primermomento.com\/index.php?rest_route=\/wp\/v2\/posts\/314860\/revisions"}],"predecessor-version":[{"id":314861,"href":"https:\/\/primermomento.com\/index.php?rest_route=\/wp\/v2\/posts\/314860\/revisions\/314861"}],"wp:attachment":[{"href":"https:\/\/primermomento.com\/index.php?rest_route=%2Fwp%2Fv2%2Fmedia&parent=314860"}],"wp:term":[{"taxonomy":"category","embeddable":true,"href":"https:\/\/primermomento.com\/index.php?rest_route=%2Fwp%2Fv2%2Fcategories&post=314860"},{"taxonomy":"post_tag","embeddable":true,"href":"https:\/\/primermomento.com\/index.php?rest_route=%2Fwp%2Fv2%2Ftags&post=314860"}],"curies":[{"name":"wp","href":"https:\/\/api.w.org\/{rel}","templated":true}]}}