{"id":314872,"date":"2019-02-05T15:51:24","date_gmt":"2019-02-05T19:51:24","guid":{"rendered":"http:\/\/primermomento.com\/?p=314872"},"modified":"2019-02-05T15:51:26","modified_gmt":"2019-02-05T19:51:26","slug":"arrestan-25-dominicanos-en-aguas-cerca-de-puerto-rico","status":"publish","type":"post","link":"https:\/\/primermomento.com\/?p=314872","title":{"rendered":"Arrestan 25 dominicanos en aguas cerca de Puerto Rico"},"content":{"rendered":"\n<p> SANTO DOMINGO, Rep\u00fablica Dominicana.- La Guardia Costera de Estados Unidos  anunci\u00f3 hoy el arresto de 25 inmigrantes dominicanos, mediante una  intervenci\u00f3n a unas 20 millas n\u00e1uticas al noroeste de la Isla de Mona,  en aguas cerca de Puerto Rico.                         <br>                          <\/p>\n\n\n\n<figure class=\"wp-block-image\"><img loading=\"lazy\" decoding=\"async\" width=\"800\" height=\"445\" src=\"http:\/\/primermomento.com\/wp-content\/uploads\/2019\/02\/arresto-dominicanos-pr.jpg\" alt=\"\" class=\"wp-image-314873\" srcset=\"https:\/\/primermomento.com\/wp-content\/uploads\/2019\/02\/arresto-dominicanos-pr.jpg 800w, https:\/\/primermomento.com\/wp-content\/uploads\/2019\/02\/arresto-dominicanos-pr-300x167.jpg 300w, https:\/\/primermomento.com\/wp-content\/uploads\/2019\/02\/arresto-dominicanos-pr-768x427.jpg 768w, https:\/\/primermomento.com\/wp-content\/uploads\/2019\/02\/arresto-dominicanos-pr-216x120.jpg 216w, https:\/\/primermomento.com\/wp-content\/uploads\/2019\/02\/arresto-dominicanos-pr-500x278.jpg 500w, https:\/\/primermomento.com\/wp-content\/uploads\/2019\/02\/arresto-dominicanos-pr-280x156.jpg 280w, https:\/\/primermomento.com\/wp-content\/uploads\/2019\/02\/arresto-dominicanos-pr-638x355.jpg 638w, https:\/\/primermomento.com\/wp-content\/uploads\/2019\/02\/arresto-dominicanos-pr-118x66.jpg 118w, https:\/\/primermomento.com\/wp-content\/uploads\/2019\/02\/arresto-dominicanos-pr-479x266.jpg 479w\" sizes=\"auto, (max-width: 800px) 100vw, 800px\" \/><\/figure>\n\n\n\n<p>La tripulaci\u00f3n  del guardacostas Joseph Napier repatri\u00f3 a 22 de los apresados, mientras  los otros tres inmigrantes interceptados se enfrentan a un posible  enjuiciamiento en el Tribunal de Distrito de Estados Unidos en Puerto  Rico por intentar reingresar ilegalmente a jurisdicci\u00f3n de la naci\u00f3n  norte\u00f1a.<\/p>\n\n\n\n<p> &#8216;Los migrantes intentaban llegar a Puerto Rico a trav\u00e9s\n de un pasaje oce\u00e1nico en un barco intr\u00ednsecamente peligroso debido a la\n sobrecarga, falta del equipo de seguridad requerido y sin luces de \nnavegaci\u00f3n&#8217;, dijo el teniente John Schulz, oficial del buque.<\/p>\n\n\n\n<p> La\n tripulaci\u00f3n de un avi\u00f3n de la Guardia Costera de la estaci\u00f3n a\u00e9rea de \nMiami (Florida), mientras se encontraba en un patrullaje de rutina, \ndetect\u00f3 la embarcaci\u00f3n de 35 pies de eslora y dio aviso inmediato a la \nbase central.<\/p>\n\n\n\n<p> El guardacostas fue desviado de su rumbo para  interceptar a los 24 hombres y una mujer dominicanos indocumentados,  quienes en su mayor\u00eda fueron trasladados el lunes a un buque de la  Armada Dominicana. <\/p>\n\n\n\n<p style=\"text-align:right\">PL<\/p>\n","protected":false},"excerpt":{"rendered":"<p>SANTO DOMINGO, Rep\u00fablica Dominicana.- La Guardia Costera de Estados Unidos anunci\u00f3 hoy el arresto de 25 inmigrantes dominicanos, mediante una intervenci\u00f3n a unas 20 millas n\u00e1uticas al noroeste de la Isla de Mona, en aguas cerca de Puerto Rico. La tripulaci\u00f3n del guardacostas Joseph Napier repatri\u00f3 a 22 de los apresados, mientras los otros tres [&hellip;]<\/p>\n","protected":false},"author":1,"featured_media":0,"comment_status":"open","ping_status":"open","sticky":false,"template":"","format":"standard","meta":{"_bbp_topic_count":0,"_bbp_reply_count":0,"_bbp_total_topic_count":0,"_bbp_total_reply_count":0,"_bbp_voice_count":0,"_bbp_anonymous_reply_count":0,"_bbp_topic_count_hidden":0,"_bbp_reply_count_hidden":0,"_bbp_forum_subforum_count":0,"footnotes":""},"categories":[60,32],"tags":[],"class_list":{"0":"post-314872","1":"post","2":"type-post","3":"status-publish","4":"format-standard","6":"category-titulares-del-dia","7":"category-lo-ultimo"},"_links":{"self":[{"href":"https:\/\/primermomento.com\/index.php?rest_route=\/wp\/v2\/posts\/314872","targetHints":{"allow":["GET"]}}],"collection":[{"href":"https:\/\/primermomento.com\/index.php?rest_route=\/wp\/v2\/posts"}],"about":[{"href":"https:\/\/primermomento.com\/index.php?rest_route=\/wp\/v2\/types\/post"}],"author":[{"embeddable":true,"href":"https:\/\/primermomento.com\/index.php?rest_route=\/wp\/v2\/users\/1"}],"replies":[{"embeddable":true,"href":"https:\/\/primermomento.com\/index.php?rest_route=%2Fwp%2Fv2%2Fcomments&post=314872"}],"version-history":[{"count":1,"href":"https:\/\/primermomento.com\/index.php?rest_route=\/wp\/v2\/posts\/314872\/revisions"}],"predecessor-version":[{"id":314874,"href":"https:\/\/primermomento.com\/index.php?rest_route=\/wp\/v2\/posts\/314872\/revisions\/314874"}],"wp:attachment":[{"href":"https:\/\/primermomento.com\/index.php?rest_route=%2Fwp%2Fv2%2Fmedia&parent=314872"}],"wp:term":[{"taxonomy":"category","embeddable":true,"href":"https:\/\/primermomento.com\/index.php?rest_route=%2Fwp%2Fv2%2Fcategories&post=314872"},{"taxonomy":"post_tag","embeddable":true,"href":"https:\/\/primermomento.com\/index.php?rest_route=%2Fwp%2Fv2%2Ftags&post=314872"}],"curies":[{"name":"wp","href":"https:\/\/api.w.org\/{rel}","templated":true}]}}