{"id":314878,"date":"2019-02-05T08:54:58","date_gmt":"2019-02-05T12:54:58","guid":{"rendered":"http:\/\/primermomento.com\/?p=314878"},"modified":"2019-02-05T15:57:50","modified_gmt":"2019-02-05T19:57:50","slug":"republicanos-en-el-senado-opuestos-a-declarar-emergencia-nacional","status":"publish","type":"post","link":"https:\/\/primermomento.com\/?p=314878","title":{"rendered":"Republicanos en el Senado opuestos a declarar emergencia nacional"},"content":{"rendered":"\n<p> WASHINGTON, Distrito de Columbia.- Los republicanos en el Senado se oponen a  que el presidente Donald Trump utilice su mensaje hoy sobre el Estado  de la Uni\u00f3n para declarar una emergencia nacional por la crisis  migratoria en la frontera con M\u00e9xico.                         <br>                          <\/p>\n\n\n\n<figure class=\"wp-block-image\"><img loading=\"lazy\" decoding=\"async\" width=\"748\" height=\"498\" src=\"http:\/\/primermomento.com\/wp-content\/uploads\/2019\/02\/y-senador-republicano.jpg\" alt=\"\" class=\"wp-image-314879\" srcset=\"https:\/\/primermomento.com\/wp-content\/uploads\/2019\/02\/y-senador-republicano.jpg 748w, https:\/\/primermomento.com\/wp-content\/uploads\/2019\/02\/y-senador-republicano-300x200.jpg 300w, https:\/\/primermomento.com\/wp-content\/uploads\/2019\/02\/y-senador-republicano-73x50.jpg 73w, https:\/\/primermomento.com\/wp-content\/uploads\/2019\/02\/y-senador-republicano-500x333.jpg 500w, https:\/\/primermomento.com\/wp-content\/uploads\/2019\/02\/y-senador-republicano-280x186.jpg 280w, https:\/\/primermomento.com\/wp-content\/uploads\/2019\/02\/y-senador-republicano-60x40.jpg 60w, https:\/\/primermomento.com\/wp-content\/uploads\/2019\/02\/y-senador-republicano-638x425.jpg 638w, https:\/\/primermomento.com\/wp-content\/uploads\/2019\/02\/y-senador-republicano-118x79.jpg 118w, https:\/\/primermomento.com\/wp-content\/uploads\/2019\/02\/y-senador-republicano-479x319.jpg 479w\" sizes=\"auto, (max-width: 748px) 100vw, 748px\" \/><\/figure>\n\n\n\n<p>Los legisladores del Partido Republicano advirtieron que declarar una  emergencia nacional se encontrar\u00eda con resistencia en el Capitolio,  donde el Congreso podr\u00eda tratar de bloquear a Trump mediante una  resoluci\u00f3n de desaprobaci\u00f3n, indic\u00f3 un informe del diario digital The  Hill, especializado en temas del Congreso.<\/p>\n\n\n\n<p> El senador John Thune\n (R-South Dakota), el n\u00famero dos de la fuerza roja en el Senado dijo que\n \u00e9l y &#8216;muchos de mis colegas&#8217; est\u00e1n preocupados por el precedente que \nestablecer\u00eda si declarara una emergencia nacional para construir el muro\n fronterizo.<\/p>\n\n\n\n<p> Otros pesos pesados de esa agrupaci\u00f3n como el \nsenador John Cornyn (R-Texas), declararon a medios de prensa que \ndecretar esa medida ser\u00eda un &#8216;paso peligroso&#8217; que probablemente no \npermitir\u00eda a Trump construir el muro fronterizo porque se atascar\u00eda en \nla corte y ser\u00eda desafiado en el Congreso.<\/p>\n\n\n\n<p> En ese sentido, los \ndem\u00f3cratas del Senado presentaron el lunes una legislaci\u00f3n para evitar \nque el mandatario use fondos militares y de ayuda en casos de desastre \npara construir el muro fronterizo de Estados Unidos y M\u00e9xico en caso de \nque declare una emergencia nacional.<\/p>\n\n\n\n<p> El legislativo debe, antes \ndel 15 de febrero, lograr un arreglo sobre la financiaci\u00f3n del muro \nfronterizo y para evitar un segundo cierre, lo que afectar\u00eda \naproximadamente a una cuarta parte del gobierno.<\/p>\n\n\n\n<p> El presidente \ndemanda cinco mil 700 millones de d\u00f3lares para el muro, pedido que la \noposici\u00f3n dem\u00f3crata rechaza mientras est\u00e1n en marcha conversaciones con \nsus pares republicanos para evitar otro tranque.<\/p>\n\n\n\n<p> El senador \nRichard Shelby (R-Alabama), integrante del grupo bipartidista negociador\n dijo a los reporteros que una emergencia nacional no ser\u00eda su ruta \npreferida.<\/p>\n\n\n\n<p> Incluso para el senador Marco Rubio, un partidario de las pol\u00edticas de la Casa Blanca, ese paso ser\u00eda una &#8216;mala pol\u00edtica&#8217;.<\/p>\n\n\n\n<p>\n Trump se aferra a descartar declarar una emergencia nacional si el \nCongreso no puede llegar a un acuerdo sobre fondos del muro, a pesar del\n rechazo p\u00fablico de los republicanos, incluido Mitch McConnell, el l\u00edder\n de la mayor\u00eda.<\/p>\n\n\n\n<p> Se espera que el presidente busque alg\u00fan  resquicio en el sistema pol\u00edtico y legal estadounidense para decretar  una emergencia nacional para construir el muro a pesar del rechazo del  Congreso. <\/p>\n\n\n\n<p style=\"text-align:right\">PL<\/p>\n","protected":false},"excerpt":{"rendered":"<p>WASHINGTON, Distrito de Columbia.- Los republicanos en el Senado se oponen a que el presidente Donald Trump utilice su mensaje hoy sobre el Estado de la Uni\u00f3n para declarar una emergencia nacional por la crisis migratoria en la frontera con M\u00e9xico. Los legisladores del Partido Republicano advirtieron que declarar una emergencia nacional se encontrar\u00eda con [&hellip;]<\/p>\n","protected":false},"author":1,"featured_media":0,"comment_status":"open","ping_status":"open","sticky":false,"template":"","format":"standard","meta":{"_bbp_topic_count":0,"_bbp_reply_count":0,"_bbp_total_topic_count":0,"_bbp_total_reply_count":0,"_bbp_voice_count":0,"_bbp_anonymous_reply_count":0,"_bbp_topic_count_hidden":0,"_bbp_reply_count_hidden":0,"_bbp_forum_subforum_count":0,"footnotes":""},"categories":[60,31],"tags":[],"class_list":{"0":"post-314878","1":"post","2":"type-post","3":"status-publish","4":"format-standard","6":"category-titulares-del-dia","7":"category-estados-unidos"},"_links":{"self":[{"href":"https:\/\/primermomento.com\/index.php?rest_route=\/wp\/v2\/posts\/314878","targetHints":{"allow":["GET"]}}],"collection":[{"href":"https:\/\/primermomento.com\/index.php?rest_route=\/wp\/v2\/posts"}],"about":[{"href":"https:\/\/primermomento.com\/index.php?rest_route=\/wp\/v2\/types\/post"}],"author":[{"embeddable":true,"href":"https:\/\/primermomento.com\/index.php?rest_route=\/wp\/v2\/users\/1"}],"replies":[{"embeddable":true,"href":"https:\/\/primermomento.com\/index.php?rest_route=%2Fwp%2Fv2%2Fcomments&post=314878"}],"version-history":[{"count":1,"href":"https:\/\/primermomento.com\/index.php?rest_route=\/wp\/v2\/posts\/314878\/revisions"}],"predecessor-version":[{"id":314880,"href":"https:\/\/primermomento.com\/index.php?rest_route=\/wp\/v2\/posts\/314878\/revisions\/314880"}],"wp:attachment":[{"href":"https:\/\/primermomento.com\/index.php?rest_route=%2Fwp%2Fv2%2Fmedia&parent=314878"}],"wp:term":[{"taxonomy":"category","embeddable":true,"href":"https:\/\/primermomento.com\/index.php?rest_route=%2Fwp%2Fv2%2Fcategories&post=314878"},{"taxonomy":"post_tag","embeddable":true,"href":"https:\/\/primermomento.com\/index.php?rest_route=%2Fwp%2Fv2%2Ftags&post=314878"}],"curies":[{"name":"wp","href":"https:\/\/api.w.org\/{rel}","templated":true}]}}