{"id":314881,"date":"2019-02-05T07:57:59","date_gmt":"2019-02-05T11:57:59","guid":{"rendered":"http:\/\/primermomento.com\/?p=314881"},"modified":"2019-02-05T16:05:58","modified_gmt":"2019-02-05T20:05:58","slug":"concejal-pide-el-cierre-de-la-carcel-federal-de-brooklyn","status":"publish","type":"post","link":"https:\/\/primermomento.com\/?p=314881","title":{"rendered":"Concejal pide el cierre de la c\u00e1rcel Federal de Brooklyn"},"content":{"rendered":"\n<p>NUEVA YORK, Nueva York.- El concejal Ydanis Rodr\u00edguez (D-NY) urgi\u00f3 a las autoridades federales clausurar el Centro de Detenci\u00f3n Metropolitano de Brooklyn (MDC), por la situaci\u00f3n deplorable en la que se encuentran m\u00e1s de mil reos cumpliendo condenas por diversos delitos.<\/p>\n\n\n\n<figure class=\"wp-block-image\"><img loading=\"lazy\" decoding=\"async\" width=\"1024\" height=\"758\" src=\"http:\/\/primermomento.com\/wp-content\/uploads\/2019\/02\/Concejal-pide-el-cierre-de-la-c\u00e1rcel-Federal-de-Brooklyn-1024x758.jpg\" alt=\"\" class=\"wp-image-314882\" srcset=\"https:\/\/primermomento.com\/wp-content\/uploads\/2019\/02\/Concejal-pide-el-cierre-de-la-c\u00e1rcel-Federal-de-Brooklyn-1024x758.jpg 1024w, https:\/\/primermomento.com\/wp-content\/uploads\/2019\/02\/Concejal-pide-el-cierre-de-la-c\u00e1rcel-Federal-de-Brooklyn-300x222.jpg 300w, https:\/\/primermomento.com\/wp-content\/uploads\/2019\/02\/Concejal-pide-el-cierre-de-la-c\u00e1rcel-Federal-de-Brooklyn-768x568.jpg 768w, https:\/\/primermomento.com\/wp-content\/uploads\/2019\/02\/Concejal-pide-el-cierre-de-la-c\u00e1rcel-Federal-de-Brooklyn-120x90.jpg 120w, https:\/\/primermomento.com\/wp-content\/uploads\/2019\/02\/Concejal-pide-el-cierre-de-la-c\u00e1rcel-Federal-de-Brooklyn-500x370.jpg 500w, https:\/\/primermomento.com\/wp-content\/uploads\/2019\/02\/Concejal-pide-el-cierre-de-la-c\u00e1rcel-Federal-de-Brooklyn-280x207.jpg 280w, https:\/\/primermomento.com\/wp-content\/uploads\/2019\/02\/Concejal-pide-el-cierre-de-la-c\u00e1rcel-Federal-de-Brooklyn-638x472.jpg 638w, https:\/\/primermomento.com\/wp-content\/uploads\/2019\/02\/Concejal-pide-el-cierre-de-la-c\u00e1rcel-Federal-de-Brooklyn-118x87.jpg 118w, https:\/\/primermomento.com\/wp-content\/uploads\/2019\/02\/Concejal-pide-el-cierre-de-la-c\u00e1rcel-Federal-de-Brooklyn-479x354.jpg 479w, https:\/\/primermomento.com\/wp-content\/uploads\/2019\/02\/Concejal-pide-el-cierre-de-la-c\u00e1rcel-Federal-de-Brooklyn.jpg 1196w\" sizes=\"auto, (max-width: 1024px) 100vw, 1024px\" \/><\/figure>\n\n\n\n<p>El pedido de Rodr\u00edguez se da d\u00edas despu\u00e9s de que\nel centro penitenciario se quedar\u00e1 sin electricidad ni calefacci\u00f3n en los d\u00edas\nen que la ciudad de Nueva York experiment\u00f3 las temperaturas m\u00e1s bajas de lo que\nva del invierno. <\/p>\n\n\n\n<p>\u201cHacemos un llamado al gobierno federal para que\ncierre este lugar donde los reos viven en condiciones infrahumanas, pasando\nlargos d\u00edas y noches sin calefacci\u00f3n y electricidad por lo que muchos de ellos\nest\u00e1n enfermos, algunos en situaciones de salud delicada\u201d, dijo el representante\ndel distrito 10. <\/p>\n\n\n\n<p>Rodr\u00edguez tambi\u00e9n inform\u00f3 que se reuni\u00f3 con\nalgunas madres de los reclusos quienes narraron la tragedia humana y que todos\nest\u00e1n incomunicados. Durante dos d\u00edas consecutivos el centro penitenciario\nqued\u00f3 sin energ\u00eda el\u00e9ctrica y calefacci\u00f3n.<\/p>\n\n\n\n<p>El concejal Rodr\u00edguez se uni\u00f3 a varios\nfuncionarios electos, entre ellos la congresista Yvette Clarke (D-Brooklyn 9th\nDistrict), y el presidente del condado, Eric Adams, en una manifestaci\u00f3n con\ncientos de activistas, familiares y amigos de los reclusos, en frente de la\nc\u00e1rcel, la cual est\u00e1 resguardada por fuertes medidas de seguridad debido a las\nprotestas.<\/p>\n\n\n\n<p>Los manifestantes se congregaron frente al centro\npenitenciario, gritando consignas alusivas a sus pedidos. <\/p>\n\n\n\n<p>Durante m\u00e1s de 40 a\u00f1os, el concejal de origen dominicano ha llevado una agenda de lucha en favor de los m\u00e1s necesitados y actualmente est\u00e1 buscando la silla de Defensor del Pueblo. La elecci\u00f3n especial est\u00e1 programada para el pr\u00f3ximo martes 26 de febrero.<\/p>\n\n\n\n<p style=\"text-align:right\">Ram\u00f3n Mercedes<\/p>\n","protected":false},"excerpt":{"rendered":"<p>NUEVA YORK, Nueva York.- El concejal Ydanis Rodr\u00edguez (D-NY) urgi\u00f3 a las autoridades federales clausurar el Centro de Detenci\u00f3n Metropolitano de Brooklyn (MDC), por la situaci\u00f3n deplorable en la que se encuentran m\u00e1s de mil reos cumpliendo condenas por diversos delitos. El pedido de Rodr\u00edguez se da d\u00edas despu\u00e9s de que el centro penitenciario se [&hellip;]<\/p>\n","protected":false},"author":1,"featured_media":0,"comment_status":"open","ping_status":"open","sticky":false,"template":"","format":"standard","meta":{"_bbp_topic_count":0,"_bbp_reply_count":0,"_bbp_total_topic_count":0,"_bbp_total_reply_count":0,"_bbp_voice_count":0,"_bbp_anonymous_reply_count":0,"_bbp_topic_count_hidden":0,"_bbp_reply_count_hidden":0,"_bbp_forum_subforum_count":0,"footnotes":""},"categories":[40,60],"tags":[],"class_list":{"0":"post-314881","1":"post","2":"type-post","3":"status-publish","4":"format-standard","6":"category-comunidad","7":"category-titulares-del-dia"},"_links":{"self":[{"href":"https:\/\/primermomento.com\/index.php?rest_route=\/wp\/v2\/posts\/314881","targetHints":{"allow":["GET"]}}],"collection":[{"href":"https:\/\/primermomento.com\/index.php?rest_route=\/wp\/v2\/posts"}],"about":[{"href":"https:\/\/primermomento.com\/index.php?rest_route=\/wp\/v2\/types\/post"}],"author":[{"embeddable":true,"href":"https:\/\/primermomento.com\/index.php?rest_route=\/wp\/v2\/users\/1"}],"replies":[{"embeddable":true,"href":"https:\/\/primermomento.com\/index.php?rest_route=%2Fwp%2Fv2%2Fcomments&post=314881"}],"version-history":[{"count":1,"href":"https:\/\/primermomento.com\/index.php?rest_route=\/wp\/v2\/posts\/314881\/revisions"}],"predecessor-version":[{"id":314883,"href":"https:\/\/primermomento.com\/index.php?rest_route=\/wp\/v2\/posts\/314881\/revisions\/314883"}],"wp:attachment":[{"href":"https:\/\/primermomento.com\/index.php?rest_route=%2Fwp%2Fv2%2Fmedia&parent=314881"}],"wp:term":[{"taxonomy":"category","embeddable":true,"href":"https:\/\/primermomento.com\/index.php?rest_route=%2Fwp%2Fv2%2Fcategories&post=314881"},{"taxonomy":"post_tag","embeddable":true,"href":"https:\/\/primermomento.com\/index.php?rest_route=%2Fwp%2Fv2%2Ftags&post=314881"}],"curies":[{"name":"wp","href":"https:\/\/api.w.org\/{rel}","templated":true}]}}