{"id":314887,"date":"2019-02-05T08:09:33","date_gmt":"2019-02-05T12:09:33","guid":{"rendered":"http:\/\/primermomento.com\/?p=314887"},"modified":"2019-02-05T16:11:28","modified_gmt":"2019-02-05T20:11:28","slug":"adriano-espaillat-llevara-dominicanos-al-congreso-de-eeuu","status":"publish","type":"post","link":"https:\/\/primermomento.com\/?p=314887","title":{"rendered":"Adriano Espaillat llevar\u00e1 dominicanos al congreso de EEUU"},"content":{"rendered":"\n<p> NUEVA YORK, Nueva York.- El representante Adriano Espaillat (NY-13) ser\u00e1 el anfitri\u00f3n del primer \u201cDominicans on the Hill anual\u201d, un d\u00eda en el Capitolio de Washington-DC, este pr\u00f3ximo jueves, desde las 12:00 a 6:00 p.m.<\/p>\n\n\n\n<figure class=\"wp-block-image\"><img loading=\"lazy\" decoding=\"async\" width=\"632\" height=\"435\" src=\"http:\/\/primermomento.com\/wp-content\/uploads\/2019\/02\/Espaillat-llevar\u00e1-dominicanaos-al-congreso-EEUU.jpg\" alt=\"\" class=\"wp-image-314888\" srcset=\"https:\/\/primermomento.com\/wp-content\/uploads\/2019\/02\/Espaillat-llevar\u00e1-dominicanaos-al-congreso-EEUU.jpg 632w, https:\/\/primermomento.com\/wp-content\/uploads\/2019\/02\/Espaillat-llevar\u00e1-dominicanaos-al-congreso-EEUU-300x206.jpg 300w, https:\/\/primermomento.com\/wp-content\/uploads\/2019\/02\/Espaillat-llevar\u00e1-dominicanaos-al-congreso-EEUU-73x50.jpg 73w, https:\/\/primermomento.com\/wp-content\/uploads\/2019\/02\/Espaillat-llevar\u00e1-dominicanaos-al-congreso-EEUU-110x77.jpg 110w, https:\/\/primermomento.com\/wp-content\/uploads\/2019\/02\/Espaillat-llevar\u00e1-dominicanaos-al-congreso-EEUU-500x344.jpg 500w, https:\/\/primermomento.com\/wp-content\/uploads\/2019\/02\/Espaillat-llevar\u00e1-dominicanaos-al-congreso-EEUU-280x193.jpg 280w, https:\/\/primermomento.com\/wp-content\/uploads\/2019\/02\/Espaillat-llevar\u00e1-dominicanaos-al-congreso-EEUU-60x40.jpg 60w, https:\/\/primermomento.com\/wp-content\/uploads\/2019\/02\/Espaillat-llevar\u00e1-dominicanaos-al-congreso-EEUU-118x81.jpg 118w, https:\/\/primermomento.com\/wp-content\/uploads\/2019\/02\/Espaillat-llevar\u00e1-dominicanaos-al-congreso-EEUU-479x330.jpg 479w\" sizes=\"auto, (max-width: 632px) 100vw, 632px\" \/><\/figure>\n\n\n\n<p>Durante\nel evento, los dominicanos-estadounidenses de comunidades de todo el pa\u00eds\nasistir\u00e1n a talleres sobre temas que van desde inmigraci\u00f3n, educaci\u00f3n, fuerza\nlaboral, econom\u00eda y el comercio de los Estados Unidos, se inform\u00f3.<\/p>\n\n\n\n<p>&nbsp;\u00abLos\ndominicanos son el quinto grupo m\u00e1s grande de latinos en EE.UU y tienen una presencia\ncreciente en las comunidades de todo el pa\u00eds\u00bb, dijo Espaillat.<\/p>\n\n\n\n<p>&nbsp;\u00abCon\nnuestra creciente poblaci\u00f3n y representaci\u00f3n en los EE. UU, sigue siendo vital\nque los dominicanos-americanos y las personas de ascendencia quisqueyana tengan\nla oportunidad de hacer o\u00edr su voz sobre los problemas y preocupaciones que\nenfrentan sus comunidades\u00bb.<\/p>\n\n\n\n<p>\u00a0Este evento est\u00e1 abierto al p\u00fablico y a los miembros de la prensa.<\/p>\n\n\n\n<p style=\"text-align:right\">Ram\u00f3n Mercedes<\/p>\n","protected":false},"excerpt":{"rendered":"<p>NUEVA YORK, Nueva York.- El representante Adriano Espaillat (NY-13) ser\u00e1 el anfitri\u00f3n del primer \u201cDominicans on the Hill anual\u201d, un d\u00eda en el Capitolio de Washington-DC, este pr\u00f3ximo jueves, desde las 12:00 a 6:00 p.m. Durante el evento, los dominicanos-estadounidenses de comunidades de todo el pa\u00eds asistir\u00e1n a talleres sobre temas que van desde inmigraci\u00f3n, [&hellip;]<\/p>\n","protected":false},"author":1,"featured_media":0,"comment_status":"open","ping_status":"open","sticky":false,"template":"","format":"standard","meta":{"_bbp_topic_count":0,"_bbp_reply_count":0,"_bbp_total_topic_count":0,"_bbp_total_reply_count":0,"_bbp_voice_count":0,"_bbp_anonymous_reply_count":0,"_bbp_topic_count_hidden":0,"_bbp_reply_count_hidden":0,"_bbp_forum_subforum_count":0,"footnotes":""},"categories":[60,31],"tags":[],"class_list":{"0":"post-314887","1":"post","2":"type-post","3":"status-publish","4":"format-standard","6":"category-titulares-del-dia","7":"category-estados-unidos"},"_links":{"self":[{"href":"https:\/\/primermomento.com\/index.php?rest_route=\/wp\/v2\/posts\/314887","targetHints":{"allow":["GET"]}}],"collection":[{"href":"https:\/\/primermomento.com\/index.php?rest_route=\/wp\/v2\/posts"}],"about":[{"href":"https:\/\/primermomento.com\/index.php?rest_route=\/wp\/v2\/types\/post"}],"author":[{"embeddable":true,"href":"https:\/\/primermomento.com\/index.php?rest_route=\/wp\/v2\/users\/1"}],"replies":[{"embeddable":true,"href":"https:\/\/primermomento.com\/index.php?rest_route=%2Fwp%2Fv2%2Fcomments&post=314887"}],"version-history":[{"count":1,"href":"https:\/\/primermomento.com\/index.php?rest_route=\/wp\/v2\/posts\/314887\/revisions"}],"predecessor-version":[{"id":314889,"href":"https:\/\/primermomento.com\/index.php?rest_route=\/wp\/v2\/posts\/314887\/revisions\/314889"}],"wp:attachment":[{"href":"https:\/\/primermomento.com\/index.php?rest_route=%2Fwp%2Fv2%2Fmedia&parent=314887"}],"wp:term":[{"taxonomy":"category","embeddable":true,"href":"https:\/\/primermomento.com\/index.php?rest_route=%2Fwp%2Fv2%2Fcategories&post=314887"},{"taxonomy":"post_tag","embeddable":true,"href":"https:\/\/primermomento.com\/index.php?rest_route=%2Fwp%2Fv2%2Ftags&post=314887"}],"curies":[{"name":"wp","href":"https:\/\/api.w.org\/{rel}","templated":true}]}}