{"id":314890,"date":"2019-02-05T06:11:34","date_gmt":"2019-02-05T10:11:34","guid":{"rendered":"http:\/\/primermomento.com\/?p=314890"},"modified":"2019-02-05T16:14:01","modified_gmt":"2019-02-05T20:14:01","slug":"solicita-instituciones-internacionales-acoger-propuesta-prsc-sobre-haiti","status":"publish","type":"post","link":"https:\/\/primermomento.com\/?p=314890","title":{"rendered":"Solicita instituciones internacionales acoger propuesta PRSC sobre Hait\u00ed"},"content":{"rendered":"\n<p><strong>\u00a0<\/strong>NUEVA YORK, Nueva York.- El secretario de ultramar del Partido Reformista Social Cristiano (PRSC), \u00a0Germ\u00e1n Ram\u00edrez Jr. solicit\u00f3 a varias instituciones con sede en Estados Unidos\u00a0que acojan y apliquen la f\u00f3rmula de esa entidad pol\u00edtica sobre el problema de Hait\u00ed, sin que la misma afecte a ambas naciones.<\/p>\n\n\n\n<div class=\"wp-block-image\"><figure class=\"aligncenter\"><img loading=\"lazy\" decoding=\"async\" width=\"434\" height=\"473\" src=\"http:\/\/primermomento.com\/wp-content\/uploads\/2019\/02\/Solicita-instituciones-internacionales-acoger-propuesta-PRSC-sobre-Hait\u00ed.jpg\" alt=\"\" class=\"wp-image-314891\" srcset=\"https:\/\/primermomento.com\/wp-content\/uploads\/2019\/02\/Solicita-instituciones-internacionales-acoger-propuesta-PRSC-sobre-Hait\u00ed.jpg 434w, https:\/\/primermomento.com\/wp-content\/uploads\/2019\/02\/Solicita-instituciones-internacionales-acoger-propuesta-PRSC-sobre-Hait\u00ed-275x300.jpg 275w, https:\/\/primermomento.com\/wp-content\/uploads\/2019\/02\/Solicita-instituciones-internacionales-acoger-propuesta-PRSC-sobre-Hait\u00ed-202x220.jpg 202w, https:\/\/primermomento.com\/wp-content\/uploads\/2019\/02\/Solicita-instituciones-internacionales-acoger-propuesta-PRSC-sobre-Hait\u00ed-118x129.jpg 118w\" sizes=\"auto, (max-width: 434px) 100vw, 434px\" \/><\/figure><\/div>\n\n\n\n<p>Sostiene que&nbsp;el Centro por la Justicia y el Derecho Internacional (CEJIL), Red de las\nAm\u00e9ricas sobre Nacionalidad y Apatridia, el Instituto de Apatridia e Inclusi\u00f3n,\nRobert F. Kennedy Human Rights y Dominican por Derecho, pidieron nuevamente\nante&nbsp;el&nbsp;Consejo de Derechos Humanos de la ONU en Ginebra (Suiza) restituir la\nnacionalidad a hijos de haitianos nacidos en Rep\u00fablica Dominicana.<\/p>\n\n\n\n<p>Esas instituciones quieren que se haga de lo\ninjustificable lo justificable, y la soluci\u00f3n al problema haitiano la plante\u00f3\nclaramente en NY el presidente del PRSC, ingeniero Federico Ant\u00fan Batlle,\nprecis\u00f3.<\/p>\n\n\n\n<p>Proclam\u00f3\nla&nbsp;creaci\u00f3n de un registro\ncivil de ciudadanos haitianos, porque Naciones Unidas no lo ha querido hacer, y\nregistrarlo es tan f\u00e1cil porque la tecnolog\u00eda lo permite. \u201cLa mayor\u00eda de\nhaitianos carecen de documentos al no tener acta de nacimiento, c\u00e9dula, pasaporte,\nnada, pero no tenemos el valor de pararnos frente a la\ncomunidad&nbsp;&nbsp;internacional y decirle vamos a resolverlos\u201d, dijo.<\/p>\n\n\n\n<p>Estamos planteando -sostiene Ant\u00fan Batlle-, la urgente\nnecesidad que la ONU y otras grandes naciones del mundo, contribuyan a implementar\nun programa de identidad para los haitianos, donde todo aquel hijo de haitiano\nque no tenga documentos sea oficializado como ciudadano mediante las huellas\ndactilares y otros datos biom\u00e9tricos.<\/p>\n\n\n\n<p>\u201cEso facilita establecer\npol\u00edticas p\u00fablicas, tanto en Hait\u00ed como en RD, para regular su estad\u00eda en\nnuestro pa\u00eds y administrar nosotros nuestra planificaci\u00f3n hacia futuro, porque\ntodos los pa\u00edses del mundo controlan su poblaci\u00f3n por diferentes v\u00edas, porque\nsi no el mundo no ser\u00eda viable&nbsp;ni posible\u201d, proclam\u00f3.&nbsp;&nbsp;<\/p>\n\n\n\n<p>Una de las grandes dificultades de la convivencia\npac\u00edfica es la dificultad que tienen los haitianos para conseguir sus\ndocumentos en su propio pa\u00eds, porque no lo tienen, y cree que los criterios de\ndeclaraci\u00f3n debe ser flexibilizados para los haitianos en Hait\u00ed.<\/p>\n\n\n\n<p>\u201cUn pa\u00eds que no sabe\ncu\u00e1ntos habitantes tiene y quienes son porque jur\u00eddicamente son inexistentes,\nes un pa\u00eds inviable, y nosotros tenemos que hacer que Hait\u00ed sea viable, porque\nnos est\u00e1n haciendo inviables y est\u00e1n disolviendo el estado dominicano\u201d, dijo.<\/p>\n\n\n\n<p>Asimismo, Ram\u00edrez Jr. record\u00f3 que somos un pa\u00eds con leyes, soberano, \u201cque en el 2013, el Tribunal Constitucional\u00a0(TC) emiti\u00f3 la Sentencia 168\/13 que provoc\u00f3 una desnacionalizaci\u00f3n masiva de las personas dominicanas de padres extranjeros nacidas despu\u00e9s de 1929\u201d, puntualiz\u00f3.<\/p>\n\n\n\n<p style=\"text-align:right\">Ram\u00f3n Mercedes<\/p>\n","protected":false},"excerpt":{"rendered":"<p>\u00a0NUEVA YORK, Nueva York.- El secretario de ultramar del Partido Reformista Social Cristiano (PRSC), \u00a0Germ\u00e1n Ram\u00edrez Jr. solicit\u00f3 a varias instituciones con sede en Estados Unidos\u00a0que acojan y apliquen la f\u00f3rmula de esa entidad pol\u00edtica sobre el problema de Hait\u00ed, sin que la misma afecte a ambas naciones. Sostiene que&nbsp;el Centro por la Justicia y [&hellip;]<\/p>\n","protected":false},"author":1,"featured_media":0,"comment_status":"open","ping_status":"open","sticky":false,"template":"","format":"standard","meta":{"_bbp_topic_count":0,"_bbp_reply_count":0,"_bbp_total_topic_count":0,"_bbp_total_reply_count":0,"_bbp_voice_count":0,"_bbp_anonymous_reply_count":0,"_bbp_topic_count_hidden":0,"_bbp_reply_count_hidden":0,"_bbp_forum_subforum_count":0,"footnotes":""},"categories":[60,31],"tags":[],"class_list":{"0":"post-314890","1":"post","2":"type-post","3":"status-publish","4":"format-standard","6":"category-titulares-del-dia","7":"category-estados-unidos"},"_links":{"self":[{"href":"https:\/\/primermomento.com\/index.php?rest_route=\/wp\/v2\/posts\/314890","targetHints":{"allow":["GET"]}}],"collection":[{"href":"https:\/\/primermomento.com\/index.php?rest_route=\/wp\/v2\/posts"}],"about":[{"href":"https:\/\/primermomento.com\/index.php?rest_route=\/wp\/v2\/types\/post"}],"author":[{"embeddable":true,"href":"https:\/\/primermomento.com\/index.php?rest_route=\/wp\/v2\/users\/1"}],"replies":[{"embeddable":true,"href":"https:\/\/primermomento.com\/index.php?rest_route=%2Fwp%2Fv2%2Fcomments&post=314890"}],"version-history":[{"count":1,"href":"https:\/\/primermomento.com\/index.php?rest_route=\/wp\/v2\/posts\/314890\/revisions"}],"predecessor-version":[{"id":314892,"href":"https:\/\/primermomento.com\/index.php?rest_route=\/wp\/v2\/posts\/314890\/revisions\/314892"}],"wp:attachment":[{"href":"https:\/\/primermomento.com\/index.php?rest_route=%2Fwp%2Fv2%2Fmedia&parent=314890"}],"wp:term":[{"taxonomy":"category","embeddable":true,"href":"https:\/\/primermomento.com\/index.php?rest_route=%2Fwp%2Fv2%2Fcategories&post=314890"},{"taxonomy":"post_tag","embeddable":true,"href":"https:\/\/primermomento.com\/index.php?rest_route=%2Fwp%2Fv2%2Ftags&post=314890"}],"curies":[{"name":"wp","href":"https:\/\/api.w.org\/{rel}","templated":true}]}}