{"id":314897,"date":"2019-02-05T16:43:39","date_gmt":"2019-02-05T20:43:39","guid":{"rendered":"http:\/\/primermomento.com\/?p=314897"},"modified":"2019-02-05T16:43:40","modified_gmt":"2019-02-05T20:43:40","slug":"abinader-dice-narcos-se-esconden-porque-tienen-padrinos","status":"publish","type":"post","link":"https:\/\/primermomento.com\/?p=314897","title":{"rendered":"Abinader dice narcos se esconden porque tienen padrinos"},"content":{"rendered":"\n<p>SANTO DOMINGO, Rep\u00fablica Dominicana.- El precandidato presidencial por el Partido Revolucionario Moderno (PRM), Luis Abinader, pidi\u00f3 hoy fortalecer la lucha contra el narcotr\u00e1fico, al tiempo que se\u00f1al\u00f3 que narcos extranjeros se esconden en el pa\u00eds porque cuentan con \u201cpadrinos\u201d que los protejan.<\/p>\n\n\n\n<figure class=\"wp-block-image\"><img loading=\"lazy\" decoding=\"async\" width=\"778\" height=\"440\" src=\"http:\/\/primermomento.com\/wp-content\/uploads\/2016\/09\/Luis-Abinader7.jpg\" alt=\"\" class=\"wp-image-280864\" srcset=\"https:\/\/primermomento.com\/wp-content\/uploads\/2016\/09\/Luis-Abinader7.jpg 778w, https:\/\/primermomento.com\/wp-content\/uploads\/2016\/09\/Luis-Abinader7-300x170.jpg 300w, https:\/\/primermomento.com\/wp-content\/uploads\/2016\/09\/Luis-Abinader7-768x434.jpg 768w, https:\/\/primermomento.com\/wp-content\/uploads\/2016\/09\/Luis-Abinader7-478x270.jpg 478w, https:\/\/primermomento.com\/wp-content\/uploads\/2016\/09\/Luis-Abinader7-500x283.jpg 500w, https:\/\/primermomento.com\/wp-content\/uploads\/2016\/09\/Luis-Abinader7-280x158.jpg 280w, https:\/\/primermomento.com\/wp-content\/uploads\/2016\/09\/Luis-Abinader7-638x361.jpg 638w, https:\/\/primermomento.com\/wp-content\/uploads\/2016\/09\/Luis-Abinader7-118x67.jpg 118w, https:\/\/primermomento.com\/wp-content\/uploads\/2016\/09\/Luis-Abinader7-479x271.jpg 479w\" sizes=\"auto, (max-width: 778px) 100vw, 778px\" \/><figcaption>Luis Abinader <\/figcaption><\/figure>\n\n\n\n<p>Las autoridades informaron el pasado mes de la detecci\u00f3n, por separado, en territorio dominicano, de dos presuntos narcotraficantes colombianos que eran buscados por su pa\u00eds.<\/p>\n\n\n\n<p>Preguntado sobre la presencia de narcos en el pa\u00eds, Abinader asegur\u00f3 que \u201cno es verdad\u201d que narcotraficantes extranjeros \u201cvan a venir a Rep\u00fablica Dominicana sin tener alg\u00fan padrino\u201d y pidi\u00f3 que se investigue \u201cquienes son los padrinos de esos capos\u201d.<\/p>\n\n\n\n<p>\u201cSi no tuvieran padrinos esos capos no estar\u00edan en el pa\u00eds\u201d, insisti\u00f3 Abinader en declaraciones a periodistas en un encuentro donde recibi\u00f3 el apoyo a sus aspiraciones pol\u00edticas de varias personas, entre ellas, del exvicerrector de Extensi\u00f3n de la Universidad Aut\u00f3noma de Santo Domingo (UASD) Nino F\u00e9lix.<\/p>\n\n\n\n<p>Asimismo, Abinader, quien aspir\u00f3 a la presidencia del pa\u00eds en las elecciones de 2016, pidi\u00f3 fortalecer la lucha contra el tr\u00e1fico de drogas, una tarea para la que se debe trabajar con organismos internacionales e instituciones de pa\u00edses como EE.UU. y Colombia.<\/p>\n\n\n\n<p>En otro orden, Abinader se refiri\u00f3 a la decisi\u00f3n del presidente de la Suprema Corte de Justicia (SJC), Mariano Germ\u00e1n, de no se someterse a las evaluaciones que el Consejo Nacional de la Magistratura (CNM) celebrar\u00e1 pr\u00f3ximamente para determinar la permanencia o no de varios jueces en el organismo judicial.<\/p>\n\n\n\n<p>El dirigente pol\u00edtico se\u00f1al\u00f3 que \u201cesta es la oportunidad\u201d que tiene la SCJ de \u201cdespolitizarse\u201d y abog\u00f3 por jueces \u201ccapacitados, honestos e independientes\u201d.<\/p>\n\n\n\n<p>Germ\u00e1n, en el cargo desde 2011, dijo ayer que continuar\u00e1 formando parte del CNM hasta que se escoja un nuevo presidente de la Suprema, as\u00ed como los dem\u00e1s jueces de esa instancia.<\/p>\n\n\n\n<p>El jurista dijo que su renuncia es \u201cirrevocable\u201d y que lo hace por \u201crazones personales\u201d.<\/p>\n\n\n\n<p style=\"text-align:right\">EFE<\/p>\n","protected":false},"excerpt":{"rendered":"<p>SANTO DOMINGO, Rep\u00fablica Dominicana.- El precandidato presidencial por el Partido Revolucionario Moderno (PRM), Luis Abinader, pidi\u00f3 hoy fortalecer la lucha contra el narcotr\u00e1fico, al tiempo que se\u00f1al\u00f3 que narcos extranjeros se esconden en el pa\u00eds porque cuentan con \u201cpadrinos\u201d que los protejan. Las autoridades informaron el pasado mes de la detecci\u00f3n, por separado, en territorio [&hellip;]<\/p>\n","protected":false},"author":1,"featured_media":0,"comment_status":"open","ping_status":"open","sticky":false,"template":"","format":"standard","meta":{"_bbp_topic_count":0,"_bbp_reply_count":0,"_bbp_total_topic_count":0,"_bbp_total_reply_count":0,"_bbp_voice_count":0,"_bbp_anonymous_reply_count":0,"_bbp_topic_count_hidden":0,"_bbp_reply_count_hidden":0,"_bbp_forum_subforum_count":0,"footnotes":""},"categories":[30,60],"tags":[],"class_list":{"0":"post-314897","1":"post","2":"type-post","3":"status-publish","4":"format-standard","6":"category-actualidad","7":"category-titulares-del-dia"},"_links":{"self":[{"href":"https:\/\/primermomento.com\/index.php?rest_route=\/wp\/v2\/posts\/314897","targetHints":{"allow":["GET"]}}],"collection":[{"href":"https:\/\/primermomento.com\/index.php?rest_route=\/wp\/v2\/posts"}],"about":[{"href":"https:\/\/primermomento.com\/index.php?rest_route=\/wp\/v2\/types\/post"}],"author":[{"embeddable":true,"href":"https:\/\/primermomento.com\/index.php?rest_route=\/wp\/v2\/users\/1"}],"replies":[{"embeddable":true,"href":"https:\/\/primermomento.com\/index.php?rest_route=%2Fwp%2Fv2%2Fcomments&post=314897"}],"version-history":[{"count":1,"href":"https:\/\/primermomento.com\/index.php?rest_route=\/wp\/v2\/posts\/314897\/revisions"}],"predecessor-version":[{"id":314898,"href":"https:\/\/primermomento.com\/index.php?rest_route=\/wp\/v2\/posts\/314897\/revisions\/314898"}],"wp:attachment":[{"href":"https:\/\/primermomento.com\/index.php?rest_route=%2Fwp%2Fv2%2Fmedia&parent=314897"}],"wp:term":[{"taxonomy":"category","embeddable":true,"href":"https:\/\/primermomento.com\/index.php?rest_route=%2Fwp%2Fv2%2Fcategories&post=314897"},{"taxonomy":"post_tag","embeddable":true,"href":"https:\/\/primermomento.com\/index.php?rest_route=%2Fwp%2Fv2%2Ftags&post=314897"}],"curies":[{"name":"wp","href":"https:\/\/api.w.org\/{rel}","templated":true}]}}