{"id":314899,"date":"2019-02-05T16:46:51","date_gmt":"2019-02-05T20:46:51","guid":{"rendered":"http:\/\/primermomento.com\/?p=314899"},"modified":"2019-02-05T16:46:53","modified_gmt":"2019-02-05T20:46:53","slug":"migracion-deporta-a-552-haitianos-indocumentados","status":"publish","type":"post","link":"https:\/\/primermomento.com\/?p=314899","title":{"rendered":"Migraci\u00f3n deporta a 552 haitianos indocumentados"},"content":{"rendered":"\n<p>SANTO DOMINGO, Rep\u00fablica Dominicana.- La Direcci\u00f3n General de Migraci\u00f3n (DGM) inform\u00f3 hoy de la deportaci\u00f3n de 552 haitianos indocumentados tras ser detenidos en operativos en las provincias de Azua, La Vega, Montecristi, Santiago, Valverde y varios sectores de la capital.<\/p>\n\n\n\n<div class=\"wp-block-image\"><figure class=\"aligncenter\"><img loading=\"lazy\" decoding=\"async\" width=\"500\" height=\"333\" src=\"http:\/\/primermomento.com\/wp-content\/uploads\/2019\/02\/deportan-haitianos.jpg\" alt=\"\" class=\"wp-image-314900\" srcset=\"https:\/\/primermomento.com\/wp-content\/uploads\/2019\/02\/deportan-haitianos.jpg 500w, https:\/\/primermomento.com\/wp-content\/uploads\/2019\/02\/deportan-haitianos-300x200.jpg 300w, https:\/\/primermomento.com\/wp-content\/uploads\/2019\/02\/deportan-haitianos-73x50.jpg 73w, https:\/\/primermomento.com\/wp-content\/uploads\/2019\/02\/deportan-haitianos-280x186.jpg 280w, https:\/\/primermomento.com\/wp-content\/uploads\/2019\/02\/deportan-haitianos-60x40.jpg 60w, https:\/\/primermomento.com\/wp-content\/uploads\/2019\/02\/deportan-haitianos-118x79.jpg 118w, https:\/\/primermomento.com\/wp-content\/uploads\/2019\/02\/deportan-haitianos-479x319.jpg 479w\" sizes=\"auto, (max-width: 500px) 100vw, 500px\" \/><\/figure><\/div>\n\n\n\n<p>Los deportados formaban parte de un grupo de 798 extranjeros detenidos en acciones contra la migraci\u00f3n ilegal que han realizado las autoridades en los \u00faltimos d\u00edas, explic\u00f3 la DGM en una nota.<\/p>\n\n\n\n<p>Tras la detenci\u00f3n y depuraci\u00f3n, los 552 haitianos fueron trasladados a los pasos fronterizos de Dajab\u00f3n y El\u00edas Pi\u00f1a para su deportaci\u00f3n, explic\u00f3 Migraci\u00f3n.<\/p>\n\n\n\n<p>En los operativos participaron agentes de control migratorio de la DGM, miembros de la Fuerzas Armadas, de la Polic\u00eda Nacional, as\u00ed como del Ministerio de Medio Ambiente y del Ministerio P\u00fablico.<\/p>\n\n\n\n<p>A trav\u00e9s de la nota, el director de Migraci\u00f3n, M\u00e1ximo William Mu\u00f1oz Delgado, advirti\u00f3 de que la instituci\u00f3n continuar\u00e1 realizando operativos y otras acciones para hacer cumplir la Ley General de Migraci\u00f3n 285-04, que ordena y regula los flujos migratorios en el territorio nacional.<\/p>\n\n\n\n<p>Seg\u00fan datos oficiales, la poblaci\u00f3n extranjera residente en Rep\u00fablica Dominicana asciende a 847,979 personas y el 88,5 % de esta es nacida en Hait\u00ed o es descendiente de inmigrantes haitianos.<\/p>\n\n\n\n<p style=\"text-align:right\">EFE<\/p>\n","protected":false},"excerpt":{"rendered":"<p>SANTO DOMINGO, Rep\u00fablica Dominicana.- La Direcci\u00f3n General de Migraci\u00f3n (DGM) inform\u00f3 hoy de la deportaci\u00f3n de 552 haitianos indocumentados tras ser detenidos en operativos en las provincias de Azua, La Vega, Montecristi, Santiago, Valverde y varios sectores de la capital. Los deportados formaban parte de un grupo de 798 extranjeros detenidos en acciones contra la [&hellip;]<\/p>\n","protected":false},"author":1,"featured_media":0,"comment_status":"open","ping_status":"open","sticky":false,"template":"","format":"standard","meta":{"_bbp_topic_count":0,"_bbp_reply_count":0,"_bbp_total_topic_count":0,"_bbp_total_reply_count":0,"_bbp_voice_count":0,"_bbp_anonymous_reply_count":0,"_bbp_topic_count_hidden":0,"_bbp_reply_count_hidden":0,"_bbp_forum_subforum_count":0,"footnotes":""},"categories":[30,60],"tags":[],"class_list":{"0":"post-314899","1":"post","2":"type-post","3":"status-publish","4":"format-standard","6":"category-actualidad","7":"category-titulares-del-dia"},"_links":{"self":[{"href":"https:\/\/primermomento.com\/index.php?rest_route=\/wp\/v2\/posts\/314899","targetHints":{"allow":["GET"]}}],"collection":[{"href":"https:\/\/primermomento.com\/index.php?rest_route=\/wp\/v2\/posts"}],"about":[{"href":"https:\/\/primermomento.com\/index.php?rest_route=\/wp\/v2\/types\/post"}],"author":[{"embeddable":true,"href":"https:\/\/primermomento.com\/index.php?rest_route=\/wp\/v2\/users\/1"}],"replies":[{"embeddable":true,"href":"https:\/\/primermomento.com\/index.php?rest_route=%2Fwp%2Fv2%2Fcomments&post=314899"}],"version-history":[{"count":1,"href":"https:\/\/primermomento.com\/index.php?rest_route=\/wp\/v2\/posts\/314899\/revisions"}],"predecessor-version":[{"id":314901,"href":"https:\/\/primermomento.com\/index.php?rest_route=\/wp\/v2\/posts\/314899\/revisions\/314901"}],"wp:attachment":[{"href":"https:\/\/primermomento.com\/index.php?rest_route=%2Fwp%2Fv2%2Fmedia&parent=314899"}],"wp:term":[{"taxonomy":"category","embeddable":true,"href":"https:\/\/primermomento.com\/index.php?rest_route=%2Fwp%2Fv2%2Fcategories&post=314899"},{"taxonomy":"post_tag","embeddable":true,"href":"https:\/\/primermomento.com\/index.php?rest_route=%2Fwp%2Fv2%2Ftags&post=314899"}],"curies":[{"name":"wp","href":"https:\/\/api.w.org\/{rel}","templated":true}]}}