{"id":314904,"date":"2019-02-05T07:23:34","date_gmt":"2019-02-05T11:23:34","guid":{"rendered":"http:\/\/primermomento.com\/?p=314904"},"modified":"2019-02-05T19:29:52","modified_gmt":"2019-02-05T23:29:52","slug":"ccesd-se-une-al-200-aniversario-del-museo-del-prado","status":"publish","type":"post","link":"https:\/\/primermomento.com\/?p=314904","title":{"rendered":"CCESD se une al 200 aniversario del Museo del Prado"},"content":{"rendered":"\n<p>SANTO DOMINGO, Rep\u00fablica Dominicana.- Con el objetivo de dar a conocer mejor el Museo del Prado, el Centro Cultural de Espa\u00f1a en Santo Domingo invita a todos los interesados a visitar la biblioteca tem\u00e1tica que ha instalado en su segundo nivel en la Arzobispo Meri\u00f1o esquina Arzobispo Portes, Ciudad Colonial.<\/p>\n\n\n\n<div class=\"wp-block-image\"><figure class=\"aligncenter\"><img loading=\"lazy\" decoding=\"async\" width=\"383\" height=\"255\" src=\"http:\/\/primermomento.com\/wp-content\/uploads\/2019\/02\/Museo-del-Prado1.jpg\" alt=\"\" class=\"wp-image-314907\" srcset=\"https:\/\/primermomento.com\/wp-content\/uploads\/2019\/02\/Museo-del-Prado1.jpg 383w, https:\/\/primermomento.com\/wp-content\/uploads\/2019\/02\/Museo-del-Prado1-300x200.jpg 300w, https:\/\/primermomento.com\/wp-content\/uploads\/2019\/02\/Museo-del-Prado1-73x50.jpg 73w, https:\/\/primermomento.com\/wp-content\/uploads\/2019\/02\/Museo-del-Prado1-280x186.jpg 280w, https:\/\/primermomento.com\/wp-content\/uploads\/2019\/02\/Museo-del-Prado1-60x40.jpg 60w, https:\/\/primermomento.com\/wp-content\/uploads\/2019\/02\/Museo-del-Prado1-118x79.jpg 118w\" sizes=\"auto, (max-width: 383px) 100vw, 383px\" \/><\/figure><\/div>\n\n\n\n<p>La  idea motriz del Bicentenario es celebrar el Museo Nacional del Prado  como el gran regalo que se ha dado la naci\u00f3n espa\u00f1ola y explicar c\u00f3mo, a  consecuencia de acontecimientos sociales y pol\u00edticos, una colecci\u00f3n  privada concebida para deleite de unos pocos acab\u00f3 convirti\u00e9ndose en la  principal instituci\u00f3n cultural de todos los espa\u00f1oles. En torno a esta  idea gravita la ambiciosa programaci\u00f3n del Bicentenario.\u00a0\u00a0<br><\/p>\n\n\n\n<p>El Museo del Prado es una instituci\u00f3n cuyo origen y\npoderosa singularidad debe mucho a los gustos de los monarcas de los siglos XVI\ny XVII.&nbsp; El Real Museo de Pintura y\nEscultura, que en 1868 pas\u00f3 a denominarse Museo Nacional de Pintura y Escultura\ny posteriormente Museo Nacional del Prado, abri\u00f3 al p\u00fablico el 19 de noviembre\nde 1819 con 311 pinturas de la Colecci\u00f3n Real, todas de autores espa\u00f1oles,\ncolgadas en sus muros. En 2019 celebraremos por tanto su Bicentenario, y lo haremos\nreflexionando sobre su historia pero con la vista puesta en el futuro.<\/p>\n\n\n\n<p>El Prado y sus colecciones son reflejo de la historia\nde Espa\u00f1a, cuyo menguante papel&nbsp; internacional en el siglo XIX merm\u00f3 su\natractivo para artistas for\u00e1neos. Son ahora los espa\u00f1oles quienes se educan y\ntrabajan fuera: en Roma a principios de la centuria, y desde mediados en Par\u00eds,\nconvertida en capital mundial del arte.<br><\/p>\n\n\n\n<p>Desde su creaci\u00f3n en 1819 el Museo del Prado ha sido\nun decisivo actor del progreso de la historia del arte. Ha sido determinante en\nla recuperaci\u00f3n de los primitivos espa\u00f1oles y de figuras emblem\u00e1ticas como El\nGreco, en el encumbramiento de Vel\u00e1zquez a la c\u00faspide del Parnaso pict\u00f3rico\nespa\u00f1ol,&nbsp; y sus salas han servido de inspiraci\u00f3n a algunos de los pintores\nm\u00e1s vanguardistas de los \u00faltimos 150 a\u00f1os.<\/p>\n\n\n\n<p>Esta muestra, que presenta el CCE, est\u00e1 agrupada en diferentes \u00e1reas tem\u00e1ticas\nrelacionadas con el Museo del Prado y en conmemoraci\u00f3n de sus 200 a\u00f1os.<\/p>\n\n\n\n<p>Algunos de los materiales que encontrar\u00e1s en tu visita al CCESD son:<\/p>\n\n\n\n<ol class=\"wp-block-list\"><li>El Museo.&nbsp; Libros y v\u00eddeos\n     sobre el museo en s\u00ed, su historia y el edificio. <\/li><li>La Colecci\u00f3n.&nbsp; Libros en\n     los que se dan detalles sobre las colecciones de obras de arte que este\n     tiene.<\/li><li>Exposiciones.&nbsp; Cat\u00e1logos\n     de exposiciones basadas en obras del fondo art\u00edstico del Museo del Prado,\n     en las que han participado importantes obras del Museo o que han sido\n     organizadas por el Museo del Prado.<\/li><li>Historia y Estudios.&nbsp;\n     Libros que tratan sobre historia, historia del arte que involucra al Museo\n     del Prado, su \u00e9poca o los artistas que este colecciona.<\/li><li>Artistas.&nbsp; Libros sobre\n     artistas espa\u00f1oles y extranjeros que est\u00e1n representados en los fondos del\n     Museo del Prado.<\/li><\/ol>\n\n\n\n<p>Todas las publicaciones son del fondo de la Mediateca\ndel Centro Cultural de Espa\u00f1a en Santo Domingo y estar\u00e1n disponibles para\nvisitar desde el 1 de febrero hasta el 27 de abril, en horario de 2:00 p.m a\n9:00 p.m de lunes a viernes y los s\u00e1bados de 9:00 a 1:00 p.m<\/p>\n\n\n\n<p>Para m\u00e1s informaci\u00f3n 809-686-8212<\/p>\n","protected":false},"excerpt":{"rendered":"<p>SANTO DOMINGO, Rep\u00fablica Dominicana.- Con el objetivo de dar a conocer mejor el Museo del Prado, el Centro Cultural de Espa\u00f1a en Santo Domingo invita a todos los interesados a visitar la biblioteca tem\u00e1tica que ha instalado en su segundo nivel en la Arzobispo Meri\u00f1o esquina Arzobispo Portes, Ciudad Colonial. La idea motriz del Bicentenario [&hellip;]<\/p>\n","protected":false},"author":1,"featured_media":0,"comment_status":"open","ping_status":"open","sticky":false,"template":"","format":"standard","meta":{"_bbp_topic_count":0,"_bbp_reply_count":0,"_bbp_total_topic_count":0,"_bbp_total_reply_count":0,"_bbp_voice_count":0,"_bbp_anonymous_reply_count":0,"_bbp_topic_count_hidden":0,"_bbp_reply_count_hidden":0,"_bbp_forum_subforum_count":0,"footnotes":""},"categories":[60,61],"tags":[],"class_list":{"0":"post-314904","1":"post","2":"type-post","3":"status-publish","4":"format-standard","6":"category-titulares-del-dia","7":"category-mundo"},"_links":{"self":[{"href":"https:\/\/primermomento.com\/index.php?rest_route=\/wp\/v2\/posts\/314904","targetHints":{"allow":["GET"]}}],"collection":[{"href":"https:\/\/primermomento.com\/index.php?rest_route=\/wp\/v2\/posts"}],"about":[{"href":"https:\/\/primermomento.com\/index.php?rest_route=\/wp\/v2\/types\/post"}],"author":[{"embeddable":true,"href":"https:\/\/primermomento.com\/index.php?rest_route=\/wp\/v2\/users\/1"}],"replies":[{"embeddable":true,"href":"https:\/\/primermomento.com\/index.php?rest_route=%2Fwp%2Fv2%2Fcomments&post=314904"}],"version-history":[{"count":1,"href":"https:\/\/primermomento.com\/index.php?rest_route=\/wp\/v2\/posts\/314904\/revisions"}],"predecessor-version":[{"id":314908,"href":"https:\/\/primermomento.com\/index.php?rest_route=\/wp\/v2\/posts\/314904\/revisions\/314908"}],"wp:attachment":[{"href":"https:\/\/primermomento.com\/index.php?rest_route=%2Fwp%2Fv2%2Fmedia&parent=314904"}],"wp:term":[{"taxonomy":"category","embeddable":true,"href":"https:\/\/primermomento.com\/index.php?rest_route=%2Fwp%2Fv2%2Fcategories&post=314904"},{"taxonomy":"post_tag","embeddable":true,"href":"https:\/\/primermomento.com\/index.php?rest_route=%2Fwp%2Fv2%2Ftags&post=314904"}],"curies":[{"name":"wp","href":"https:\/\/api.w.org\/{rel}","templated":true}]}}