{"id":314912,"date":"2019-02-06T11:41:12","date_gmt":"2019-02-06T15:41:12","guid":{"rendered":"http:\/\/primermomento.com\/?p=314912"},"modified":"2019-02-06T11:48:48","modified_gmt":"2019-02-06T15:48:48","slug":"democratas-abren-fuego-contra-trump-por-su-discurso-a-la-nacion","status":"publish","type":"post","link":"https:\/\/primermomento.com\/?p=314912","title":{"rendered":"Dem\u00f3cratas abren fuego contra Trump por su discurso a la naci\u00f3n"},"content":{"rendered":"\n<p> WASHINGTON, Distrito de Columbia.- .- El Partido Dem\u00f3crata lanz\u00f3 hoy duras  cr\u00edticas contra el presidente de Estados Unidos, Donald Trump, a quien  acus\u00f3 de carecer de un plan para el pa\u00eds y de ignorar el cambio  clim\u00e1tico y a las personas con menos recursos.                         <br>                          <\/p>\n\n\n\n<figure class=\"wp-block-image\"><img loading=\"lazy\" decoding=\"async\" width=\"748\" height=\"498\" src=\"http:\/\/primermomento.com\/wp-content\/uploads\/2018\/06\/bernie-sanders.jpg\" alt=\"\" class=\"wp-image-307463\" srcset=\"https:\/\/primermomento.com\/wp-content\/uploads\/2018\/06\/bernie-sanders.jpg 748w, https:\/\/primermomento.com\/wp-content\/uploads\/2018\/06\/bernie-sanders-300x200.jpg 300w, https:\/\/primermomento.com\/wp-content\/uploads\/2018\/06\/bernie-sanders-73x50.jpg 73w, https:\/\/primermomento.com\/wp-content\/uploads\/2018\/06\/bernie-sanders-500x333.jpg 500w, https:\/\/primermomento.com\/wp-content\/uploads\/2018\/06\/bernie-sanders-280x186.jpg 280w, https:\/\/primermomento.com\/wp-content\/uploads\/2018\/06\/bernie-sanders-60x40.jpg 60w, https:\/\/primermomento.com\/wp-content\/uploads\/2018\/06\/bernie-sanders-638x425.jpg 638w, https:\/\/primermomento.com\/wp-content\/uploads\/2018\/06\/bernie-sanders-118x79.jpg 118w, https:\/\/primermomento.com\/wp-content\/uploads\/2018\/06\/bernie-sanders-479x319.jpg 479w\" sizes=\"auto, (max-width: 748px) 100vw, 748px\" \/><figcaption>Bernie Sanders.<\/figcaption><\/figure>\n\n\n\n<p>Varios legisladores de la formaci\u00f3n azul abrieron fuego contra Trump y  su discurso anoche del Estado de la Uni\u00f3n, que consideraron vac\u00edo y  falto de objetivos claros.<\/p>\n\n\n\n<p> En su cuenta personal, el senador \nBernie Sanders neg\u00f3 las tesis del gobernante y asegur\u00f3 que &#8216;las personas\n no son verdaderamente libres cuando no pueden pagar la atenci\u00f3n m\u00e9dica,\n los medicamentos recetados o un lugar donde vivir&#8217;.<\/p>\n\n\n\n<p> Como puede ofrecer un mandatario de nuestro pa\u00eds una alocuci\u00f3n de esa importancia sin mencionar el cambio clim\u00e1tico, pregunt\u00f3.<\/p>\n\n\n\n<p>\n En menos de dos a\u00f1os en la Casa Blanca Trump ha visto a cinco de sus \ncolaboradores declararse culpable o ser condenado por cargos criminales,\n pero afirma que la fortaleza de la econom\u00eda depende de que \u00e9l est\u00e9 \nlibre de la supervisi\u00f3n e investigaciones necesarias, cuestion\u00f3.<\/p>\n\n\n\n<p>\n Tambi\u00e9n la representante Alexandria Ocasio-Cortez, considerada del ala \nm\u00e1s liberal de los dem\u00f3cratas, rechaz\u00f3 las palabras del jefe de Estado.<\/p>\n\n\n\n<p>\n Por qu\u00e9 deber\u00eda estar animada por esta verg\u00fcenza de discurso, respondi\u00f3\n la legisladora a un comentario en Twitter de la periodista Peggy \nNoonan, del diario The Wall Street Journal.<\/p>\n\n\n\n<p> &#8216;El presidente no \nofreci\u00f3 ning\u00fan plan, ninguna visi\u00f3n para nuestro futuro (&#8230;) Estamos \nvolando sin piloto. Y no estoy aqu\u00ed para consolar a nadie sobre este \nhecho&#8217;, subray\u00f3 Ocasio-Cortez.<\/p>\n\n\n\n<p> A nombre del partido, Stacey \nAbrams, la primera afroamericana en la historia de Estados Unidos en \nresponder un discurso presidencial a la naci\u00f3n, carg\u00f3 contra las \npol\u00edticas de Trump.<\/p>\n\n\n\n<p> &#8216;Aunque estoy muy decepcionada con el \nenfoque del presidente a nuestros problemas no quiero que fracase, pero \nnecesitamos que diga la verdad y respete sus deberes&#8217;, apunt\u00f3.<\/p>\n\n\n\n<p> \nAbrams rechaz\u00f3 la eventual construcci\u00f3n de un muro en la frontera con \nM\u00e9xico y denunci\u00f3 los planes migratorios y de reforma fiscal de la Casa \nBlanca.<\/p>\n\n\n\n<p> Por su parte, el senador Jeff Merkley afirm\u00f3 que &#8216;no  escuchamos detalles ni planes. Escuchamos la misma ret\u00f3rica de  estilo de campa\u00f1a vac\u00eda que hemos escuchado antes&#8217;.<\/p>\n\n\n\n<p> Este es  probablemente su peor discurso, estim\u00f3 el exsenador republicano Rick  Santorum, quien en numerosas ocasiones defendi\u00f3 al mandatario en las  redes sociales. <\/p>\n\n\n\n<p style=\"text-align:right\">PL<\/p>\n","protected":false},"excerpt":{"rendered":"<p>WASHINGTON, Distrito de Columbia.- .- El Partido Dem\u00f3crata lanz\u00f3 hoy duras cr\u00edticas contra el presidente de Estados Unidos, Donald Trump, a quien acus\u00f3 de carecer de un plan para el pa\u00eds y de ignorar el cambio clim\u00e1tico y a las personas con menos recursos. Varios legisladores de la formaci\u00f3n azul abrieron fuego contra Trump y [&hellip;]<\/p>\n","protected":false},"author":1,"featured_media":0,"comment_status":"open","ping_status":"open","sticky":false,"template":"","format":"standard","meta":{"_bbp_topic_count":0,"_bbp_reply_count":0,"_bbp_total_topic_count":0,"_bbp_total_reply_count":0,"_bbp_voice_count":0,"_bbp_anonymous_reply_count":0,"_bbp_topic_count_hidden":0,"_bbp_reply_count_hidden":0,"_bbp_forum_subforum_count":0,"footnotes":""},"categories":[60,31],"tags":[],"class_list":{"0":"post-314912","1":"post","2":"type-post","3":"status-publish","4":"format-standard","6":"category-titulares-del-dia","7":"category-estados-unidos"},"_links":{"self":[{"href":"https:\/\/primermomento.com\/index.php?rest_route=\/wp\/v2\/posts\/314912","targetHints":{"allow":["GET"]}}],"collection":[{"href":"https:\/\/primermomento.com\/index.php?rest_route=\/wp\/v2\/posts"}],"about":[{"href":"https:\/\/primermomento.com\/index.php?rest_route=\/wp\/v2\/types\/post"}],"author":[{"embeddable":true,"href":"https:\/\/primermomento.com\/index.php?rest_route=\/wp\/v2\/users\/1"}],"replies":[{"embeddable":true,"href":"https:\/\/primermomento.com\/index.php?rest_route=%2Fwp%2Fv2%2Fcomments&post=314912"}],"version-history":[{"count":3,"href":"https:\/\/primermomento.com\/index.php?rest_route=\/wp\/v2\/posts\/314912\/revisions"}],"predecessor-version":[{"id":314918,"href":"https:\/\/primermomento.com\/index.php?rest_route=\/wp\/v2\/posts\/314912\/revisions\/314918"}],"wp:attachment":[{"href":"https:\/\/primermomento.com\/index.php?rest_route=%2Fwp%2Fv2%2Fmedia&parent=314912"}],"wp:term":[{"taxonomy":"category","embeddable":true,"href":"https:\/\/primermomento.com\/index.php?rest_route=%2Fwp%2Fv2%2Fcategories&post=314912"},{"taxonomy":"post_tag","embeddable":true,"href":"https:\/\/primermomento.com\/index.php?rest_route=%2Fwp%2Fv2%2Ftags&post=314912"}],"curies":[{"name":"wp","href":"https:\/\/api.w.org\/{rel}","templated":true}]}}