{"id":314922,"date":"2019-02-06T07:51:51","date_gmt":"2019-02-06T11:51:51","guid":{"rendered":"http:\/\/primermomento.com\/?p=314922"},"modified":"2019-02-06T11:57:34","modified_gmt":"2019-02-06T15:57:34","slug":"ministros-de-ap-y-relaciones-exteriores-pasan-revista-a-aspectos-organizativos","status":"publish","type":"post","link":"https:\/\/primermomento.com\/?p=314922","title":{"rendered":"Ministros de AP y Relaciones Exteriores pasan revista a aspectos organizativos"},"content":{"rendered":"\n<p>SANTO DOMINGO, Rep\u00fablica Dominicana.- El titular del Ministerio de Administraci\u00f3n P\u00fablica, Ram\u00f3n Ventura Camejo, sostuvo en la tarde de este martes una reuni\u00f3n de trabajo con el canciller Miguel Vargas Maldonado, durante la cual se trataron temas referentes a la estructura organizativa y salarial del Ministerio de Relaciones Exteriores (MIREX), aspectos a los que el MAP dar\u00e1 seguimiento directamente.<br> <\/p>\n\n\n\n<figure class=\"wp-block-image\"><img loading=\"lazy\" decoding=\"async\" width=\"754\" height=\"503\" src=\"http:\/\/primermomento.com\/wp-content\/uploads\/2019\/02\/Ventura-Camejo-y-Vargas-Maldonado.jpg\" alt=\"\" class=\"wp-image-314923\" srcset=\"https:\/\/primermomento.com\/wp-content\/uploads\/2019\/02\/Ventura-Camejo-y-Vargas-Maldonado.jpg 754w, https:\/\/primermomento.com\/wp-content\/uploads\/2019\/02\/Ventura-Camejo-y-Vargas-Maldonado-300x200.jpg 300w, https:\/\/primermomento.com\/wp-content\/uploads\/2019\/02\/Ventura-Camejo-y-Vargas-Maldonado-73x50.jpg 73w, https:\/\/primermomento.com\/wp-content\/uploads\/2019\/02\/Ventura-Camejo-y-Vargas-Maldonado-500x334.jpg 500w, https:\/\/primermomento.com\/wp-content\/uploads\/2019\/02\/Ventura-Camejo-y-Vargas-Maldonado-280x187.jpg 280w, https:\/\/primermomento.com\/wp-content\/uploads\/2019\/02\/Ventura-Camejo-y-Vargas-Maldonado-60x40.jpg 60w, https:\/\/primermomento.com\/wp-content\/uploads\/2019\/02\/Ventura-Camejo-y-Vargas-Maldonado-638x426.jpg 638w, https:\/\/primermomento.com\/wp-content\/uploads\/2019\/02\/Ventura-Camejo-y-Vargas-Maldonado-118x79.jpg 118w, https:\/\/primermomento.com\/wp-content\/uploads\/2019\/02\/Ventura-Camejo-y-Vargas-Maldonado-479x320.jpg 479w\" sizes=\"auto, (max-width: 754px) 100vw, 754px\" \/><\/figure>\n\n\n\n<p>En el encuentro, Vargas Maldonado tambi\u00e9n explic\u00f3 algunos detalles del proyecto de renovaci\u00f3n tecnol\u00f3gica que se lleva a cabo en la Canciller\u00eda, al tiempo que destac\u00f3 la importancia de la labor que desarrolla el MAP, como organismo rector del sector p\u00fablico, para fortalecer institucionalmente al Estado dominicano.<br><\/p>\n\n\n\n<p> El Canciller resalt\u00f3 que el MAP \u201cest\u00e1 haciendo un gran trabajo, que se siente en cada una de las entidades p\u00fablicas\u201d, al tiempo que agradeci\u00f3 el apoyo brindado por el Ministerio de Administraci\u00f3n P\u00fablica en todo el proceso de reglamentaci\u00f3n, elaboraci\u00f3n de manuales y fortalecimiento institucional de la Canciller\u00eda\u201d.<br> <\/p>\n\n\n\n<p>Mientras que el ministro de Administraci\u00f3n P\u00fablica felicit\u00f3 al Canciller por su gesti\u00f3n, la cual calific\u00f3 como \u201cuna labor sin precedentes\u201d.<br> En la reuni\u00f3n estuvieron presentes, adem\u00e1s, los viceministros del MAP, Donatila Germ\u00e1n, de Funci\u00f3n P\u00fablica; Hilda Cabrera, de Innovaci\u00f3n y Modernizaci\u00f3n; Carlos Manzano, de Fortalecimiento Institucional; Elso Segura, de Servicios P\u00fablicos y Pedro Nina, de Evaluaci\u00f3n del Desempe\u00f1o Institucional, as\u00ed como el jefe de Gabinete del Ministerio de Relaciones Exteriores, Ram\u00f3n S\u00e1nchez.<\/p>\n","protected":false},"excerpt":{"rendered":"<p>SANTO DOMINGO, Rep\u00fablica Dominicana.- El titular del Ministerio de Administraci\u00f3n P\u00fablica, Ram\u00f3n Ventura Camejo, sostuvo en la tarde de este martes una reuni\u00f3n de trabajo con el canciller Miguel Vargas Maldonado, durante la cual se trataron temas referentes a la estructura organizativa y salarial del Ministerio de Relaciones Exteriores (MIREX), aspectos a los que el [&hellip;]<\/p>\n","protected":false},"author":1,"featured_media":0,"comment_status":"open","ping_status":"open","sticky":false,"template":"","format":"standard","meta":{"_bbp_topic_count":0,"_bbp_reply_count":0,"_bbp_total_topic_count":0,"_bbp_total_reply_count":0,"_bbp_voice_count":0,"_bbp_anonymous_reply_count":0,"_bbp_topic_count_hidden":0,"_bbp_reply_count_hidden":0,"_bbp_forum_subforum_count":0,"footnotes":""},"categories":[60,31],"tags":[],"class_list":{"0":"post-314922","1":"post","2":"type-post","3":"status-publish","4":"format-standard","6":"category-titulares-del-dia","7":"category-estados-unidos"},"_links":{"self":[{"href":"https:\/\/primermomento.com\/index.php?rest_route=\/wp\/v2\/posts\/314922","targetHints":{"allow":["GET"]}}],"collection":[{"href":"https:\/\/primermomento.com\/index.php?rest_route=\/wp\/v2\/posts"}],"about":[{"href":"https:\/\/primermomento.com\/index.php?rest_route=\/wp\/v2\/types\/post"}],"author":[{"embeddable":true,"href":"https:\/\/primermomento.com\/index.php?rest_route=\/wp\/v2\/users\/1"}],"replies":[{"embeddable":true,"href":"https:\/\/primermomento.com\/index.php?rest_route=%2Fwp%2Fv2%2Fcomments&post=314922"}],"version-history":[{"count":1,"href":"https:\/\/primermomento.com\/index.php?rest_route=\/wp\/v2\/posts\/314922\/revisions"}],"predecessor-version":[{"id":314924,"href":"https:\/\/primermomento.com\/index.php?rest_route=\/wp\/v2\/posts\/314922\/revisions\/314924"}],"wp:attachment":[{"href":"https:\/\/primermomento.com\/index.php?rest_route=%2Fwp%2Fv2%2Fmedia&parent=314922"}],"wp:term":[{"taxonomy":"category","embeddable":true,"href":"https:\/\/primermomento.com\/index.php?rest_route=%2Fwp%2Fv2%2Fcategories&post=314922"},{"taxonomy":"post_tag","embeddable":true,"href":"https:\/\/primermomento.com\/index.php?rest_route=%2Fwp%2Fv2%2Ftags&post=314922"}],"curies":[{"name":"wp","href":"https:\/\/api.w.org\/{rel}","templated":true}]}}