{"id":314933,"date":"2019-02-06T20:07:02","date_gmt":"2019-02-07T00:07:02","guid":{"rendered":"http:\/\/primermomento.com\/?p=314933"},"modified":"2019-02-06T20:07:03","modified_gmt":"2019-02-07T00:07:03","slug":"bani-senador-pide-a-presidente-ascienda-a-general-a-coronel-muerto","status":"publish","type":"post","link":"https:\/\/primermomento.com\/?p=314933","title":{"rendered":"BAN\u00cd | Senador pide a presidente ascienda a general a coronel muerto"},"content":{"rendered":"\n<p> BAN\u00cd, Rep\u00fablica Dominicana.- El senador por la provincia Peravia, Wilton Guerrero pidi\u00f3 al presidente de la Rep\u00fablica, Danilo Medina, que conceda el ascenso a rango de general al fenecido coronel de la Polic\u00eda, Daniel Ramos Alvarez, abatido a tiros en un punto de drogas en el sector Santa Cruz, de este municipio.<\/p>\n\n\n\n<figure class=\"wp-block-image\"><img loading=\"lazy\" decoding=\"async\" width=\"634\" height=\"476\" src=\"http:\/\/primermomento.com\/wp-content\/uploads\/2019\/02\/Wilton-Guerrero-en-reunion-en-la-Policia.jpg\" alt=\"\" class=\"wp-image-314934\" srcset=\"https:\/\/primermomento.com\/wp-content\/uploads\/2019\/02\/Wilton-Guerrero-en-reunion-en-la-Policia.jpg 634w, https:\/\/primermomento.com\/wp-content\/uploads\/2019\/02\/Wilton-Guerrero-en-reunion-en-la-Policia-300x225.jpg 300w, https:\/\/primermomento.com\/wp-content\/uploads\/2019\/02\/Wilton-Guerrero-en-reunion-en-la-Policia-120x90.jpg 120w, https:\/\/primermomento.com\/wp-content\/uploads\/2019\/02\/Wilton-Guerrero-en-reunion-en-la-Policia-500x375.jpg 500w, https:\/\/primermomento.com\/wp-content\/uploads\/2019\/02\/Wilton-Guerrero-en-reunion-en-la-Policia-280x210.jpg 280w, https:\/\/primermomento.com\/wp-content\/uploads\/2019\/02\/Wilton-Guerrero-en-reunion-en-la-Policia-118x89.jpg 118w, https:\/\/primermomento.com\/wp-content\/uploads\/2019\/02\/Wilton-Guerrero-en-reunion-en-la-Policia-479x360.jpg 479w\" sizes=\"auto, (max-width: 634px) 100vw, 634px\" \/><figcaption>El senador Wilton Guerrero cuando se dirig\u00eda a los convocados.<\/figcaption><\/figure>\n\n\n\n<p>A un mes de la muerte del coronel de la Polic\u00eda Nacional, Daniel Ramos Alvarez, el senador Wilton Guerrero, Alianza Banileja, y asociaciones de vecinos rindieron homenaje p\u00f3stumo al excomandante de la Polic\u00eda Preventiva de Ban\u00ed.<\/p>\n\n\n\n<p>La concentraci\u00f3n tuvo lugar en las instalaciones de la Direcci\u00f3n Regional Sur Central de la Polic\u00eda Nacional, este mi\u00e9rcoles, y fue encabezada por el senador Guerrero, el presidente de Alianza Banileja, Jos\u00e9 Miguel Germ\u00e1n, la gobernadora Nelly Melo de Guerrero, la diputada Mercedes Rodr\u00edguez, y oficiales municipales y nacionales, entre otros (as).<\/p>\n\n\n\n<p>El senador Guerrero reiter\u00f3 su postura en defensa, fundamentalmente, de los derechos e intereses de la ciudadan\u00eda. Al mismo tiempo, volvi\u00f3 a denunciar presunta corrupci\u00f3n en los organismos de protecci\u00f3n ciudadano, contra las drogas e investigaciones nacionales.<\/p>\n\n\n\n<p>El senador arremeti\u00f3 otra vez contra el Ministerio P\u00fablico, calific\u00e1ndolo de \u00abletrina\u00bb, pero excluy\u00f3 de su se\u00f1alamiento al actual procurador fiscal de la provincia Peravia, Angel Dar\u00edo Tejeda Fabal.<\/p>\n\n\n\n<p>Al intervenir en la actividad, el general Eduardo Alberto Then explic\u00f3 en Ban\u00ed hay tres cabezas que velar\u00e1n por el respeto a las leyes y el combate aguerrido contra la delincuencua y el narcotr\u00e1fico, en referencia a su persona, la gobernadora y el senador.<\/p>\n\n\n\n<p>La reuni\u00f3n busca crear credibilidad y recuperar la confianza de la Polic\u00eda bajo la gesti\u00f3n del general Then.<\/p>\n\n\n\n<p style=\"text-align:right\">Primer Momento<\/p>\n","protected":false},"excerpt":{"rendered":"<p>BAN\u00cd, Rep\u00fablica Dominicana.- El senador por la provincia Peravia, Wilton Guerrero pidi\u00f3 al presidente de la Rep\u00fablica, Danilo Medina, que conceda el ascenso a rango de general al fenecido coronel de la Polic\u00eda, Daniel Ramos Alvarez, abatido a tiros en un punto de drogas en el sector Santa Cruz, de este municipio. A un mes [&hellip;]<\/p>\n","protected":false},"author":1,"featured_media":0,"comment_status":"open","ping_status":"open","sticky":false,"template":"","format":"standard","meta":{"_bbp_topic_count":0,"_bbp_reply_count":0,"_bbp_total_topic_count":0,"_bbp_total_reply_count":0,"_bbp_voice_count":0,"_bbp_anonymous_reply_count":0,"_bbp_topic_count_hidden":0,"_bbp_reply_count_hidden":0,"_bbp_forum_subforum_count":0,"footnotes":""},"categories":[60,32],"tags":[],"class_list":{"0":"post-314933","1":"post","2":"type-post","3":"status-publish","4":"format-standard","6":"category-titulares-del-dia","7":"category-lo-ultimo"},"_links":{"self":[{"href":"https:\/\/primermomento.com\/index.php?rest_route=\/wp\/v2\/posts\/314933","targetHints":{"allow":["GET"]}}],"collection":[{"href":"https:\/\/primermomento.com\/index.php?rest_route=\/wp\/v2\/posts"}],"about":[{"href":"https:\/\/primermomento.com\/index.php?rest_route=\/wp\/v2\/types\/post"}],"author":[{"embeddable":true,"href":"https:\/\/primermomento.com\/index.php?rest_route=\/wp\/v2\/users\/1"}],"replies":[{"embeddable":true,"href":"https:\/\/primermomento.com\/index.php?rest_route=%2Fwp%2Fv2%2Fcomments&post=314933"}],"version-history":[{"count":1,"href":"https:\/\/primermomento.com\/index.php?rest_route=\/wp\/v2\/posts\/314933\/revisions"}],"predecessor-version":[{"id":314935,"href":"https:\/\/primermomento.com\/index.php?rest_route=\/wp\/v2\/posts\/314933\/revisions\/314935"}],"wp:attachment":[{"href":"https:\/\/primermomento.com\/index.php?rest_route=%2Fwp%2Fv2%2Fmedia&parent=314933"}],"wp:term":[{"taxonomy":"category","embeddable":true,"href":"https:\/\/primermomento.com\/index.php?rest_route=%2Fwp%2Fv2%2Fcategories&post=314933"},{"taxonomy":"post_tag","embeddable":true,"href":"https:\/\/primermomento.com\/index.php?rest_route=%2Fwp%2Fv2%2Ftags&post=314933"}],"curies":[{"name":"wp","href":"https:\/\/api.w.org\/{rel}","templated":true}]}}