{"id":314937,"date":"2019-02-06T20:21:29","date_gmt":"2019-02-07T00:21:29","guid":{"rendered":"http:\/\/primermomento.com\/?p=314937"},"modified":"2019-02-06T20:22:15","modified_gmt":"2019-02-07T00:22:15","slug":"bani-general-dice-no-dara-tregua-a-la-delincuencia","status":"publish","type":"post","link":"https:\/\/primermomento.com\/?p=314937","title":{"rendered":"BAN\u00cd | General de la Polic\u00eda dice no dar\u00e1 tregua a la delincuencia"},"content":{"rendered":"\n<p> BAN\u00cd, Rep\u00fablica Dominicana.- El general de brigada Eduardo Alberto Then, director de la Regional Sur Central de la Polic\u00eda Nacional, proclam\u00f3 que no dar\u00e1 tregua a la delincuencia en esta demarcaci\u00f3n sure\u00f1a.<\/p>\n\n\n\n<figure class=\"wp-block-image\"><img loading=\"lazy\" decoding=\"async\" width=\"845\" height=\"421\" src=\"http:\/\/primermomento.com\/wp-content\/uploads\/2019\/02\/Policia-homenaje-postumo.jpg\" alt=\"\" class=\"wp-image-314938\" srcset=\"https:\/\/primermomento.com\/wp-content\/uploads\/2019\/02\/Policia-homenaje-postumo.jpg 845w, https:\/\/primermomento.com\/wp-content\/uploads\/2019\/02\/Policia-homenaje-postumo-300x149.jpg 300w, https:\/\/primermomento.com\/wp-content\/uploads\/2019\/02\/Policia-homenaje-postumo-768x383.jpg 768w, https:\/\/primermomento.com\/wp-content\/uploads\/2019\/02\/Policia-homenaje-postumo-500x249.jpg 500w, https:\/\/primermomento.com\/wp-content\/uploads\/2019\/02\/Policia-homenaje-postumo-280x140.jpg 280w, https:\/\/primermomento.com\/wp-content\/uploads\/2019\/02\/Policia-homenaje-postumo-638x318.jpg 638w, https:\/\/primermomento.com\/wp-content\/uploads\/2019\/02\/Policia-homenaje-postumo-118x59.jpg 118w, https:\/\/primermomento.com\/wp-content\/uploads\/2019\/02\/Policia-homenaje-postumo-479x239.jpg 479w\" sizes=\"auto, (max-width: 845px) 100vw, 845px\" \/><\/figure>\n\n\n\n<p>Then prometi\u00f3 que continuar\u00e1 \u201cla labor tit\u00e1nica de eliminar los puntos de drogas de aqu\u00ed y sacar a los delincuentes de esta ciudad, llevarlos ante los jueces y meterlos en la c\u00e1rcel, para que paguen por sus cr\u00edmenes cometidos.<\/p>\n\n\n\n<p>El pronunciamiento del jefe policial tuvo lugar en el patio de la c\u00e1rcel de Ban\u00ed, donde hubo un acto p\u00f3stumo en honor al coronel de la Polic\u00eda Nacional, abatido a tiros en un punto de drogas.  <\/p>\n\n\n\n<p>Guerrero reconoci\u00f3 el trabajo que realizan los agentes con las incursiones y operativos antinarc\u00f3ticos que, en opini\u00f3n del senador, \u00abes la nueva polic\u00eda en Ban\u00ed\u201d, la que ha sido cuestionada por sectores vinculados a la sociedad civil.<\/p>\n\n\n\n<p style=\"text-align:right\">Primer Momento<\/p>\n","protected":false},"excerpt":{"rendered":"<p>BAN\u00cd, Rep\u00fablica Dominicana.- El general de brigada Eduardo Alberto Then, director de la Regional Sur Central de la Polic\u00eda Nacional, proclam\u00f3 que no dar\u00e1 tregua a la delincuencia en esta demarcaci\u00f3n sure\u00f1a. Then prometi\u00f3 que continuar\u00e1 \u201cla labor tit\u00e1nica de eliminar los puntos de drogas de aqu\u00ed y sacar a los delincuentes de esta ciudad, [&hellip;]<\/p>\n","protected":false},"author":1,"featured_media":0,"comment_status":"open","ping_status":"open","sticky":false,"template":"","format":"standard","meta":{"_bbp_topic_count":0,"_bbp_reply_count":0,"_bbp_total_topic_count":0,"_bbp_total_reply_count":0,"_bbp_voice_count":0,"_bbp_anonymous_reply_count":0,"_bbp_topic_count_hidden":0,"_bbp_reply_count_hidden":0,"_bbp_forum_subforum_count":0,"footnotes":""},"categories":[30,60],"tags":[],"class_list":{"0":"post-314937","1":"post","2":"type-post","3":"status-publish","4":"format-standard","6":"category-actualidad","7":"category-titulares-del-dia"},"_links":{"self":[{"href":"https:\/\/primermomento.com\/index.php?rest_route=\/wp\/v2\/posts\/314937","targetHints":{"allow":["GET"]}}],"collection":[{"href":"https:\/\/primermomento.com\/index.php?rest_route=\/wp\/v2\/posts"}],"about":[{"href":"https:\/\/primermomento.com\/index.php?rest_route=\/wp\/v2\/types\/post"}],"author":[{"embeddable":true,"href":"https:\/\/primermomento.com\/index.php?rest_route=\/wp\/v2\/users\/1"}],"replies":[{"embeddable":true,"href":"https:\/\/primermomento.com\/index.php?rest_route=%2Fwp%2Fv2%2Fcomments&post=314937"}],"version-history":[{"count":2,"href":"https:\/\/primermomento.com\/index.php?rest_route=\/wp\/v2\/posts\/314937\/revisions"}],"predecessor-version":[{"id":314940,"href":"https:\/\/primermomento.com\/index.php?rest_route=\/wp\/v2\/posts\/314937\/revisions\/314940"}],"wp:attachment":[{"href":"https:\/\/primermomento.com\/index.php?rest_route=%2Fwp%2Fv2%2Fmedia&parent=314937"}],"wp:term":[{"taxonomy":"category","embeddable":true,"href":"https:\/\/primermomento.com\/index.php?rest_route=%2Fwp%2Fv2%2Fcategories&post=314937"},{"taxonomy":"post_tag","embeddable":true,"href":"https:\/\/primermomento.com\/index.php?rest_route=%2Fwp%2Fv2%2Ftags&post=314937"}],"curies":[{"name":"wp","href":"https:\/\/api.w.org\/{rel}","templated":true}]}}