{"id":314951,"date":"2019-02-07T08:45:18","date_gmt":"2019-02-07T12:45:18","guid":{"rendered":"http:\/\/primermomento.com\/?p=314951"},"modified":"2019-02-07T15:20:57","modified_gmt":"2019-02-07T19:20:57","slug":"fiscalia-solicitara-enviar-a-juicio-a-imputados-en-caso-odebrecht","status":"publish","type":"post","link":"https:\/\/primermomento.com\/?p=314951","title":{"rendered":"Fiscal\u00eda solicitar\u00e1 enviar a juicio a imputados en caso Odebrecht"},"content":{"rendered":"\n<p> SANTO DOMINGO, Rep\u00fablica Dominicana.- Una vez concluida la presentaci\u00f3n de  pruebas por parte de la Fiscal\u00eda en la audiencia que se sigue en  Dominicana hoy a los implicados en el caso Odebrecht, ese \u00f3rgano  solicit\u00f3 enviarlos a juicio.                         <br>                          <\/p>\n\n\n\n<figure class=\"wp-block-image\"><img loading=\"lazy\" decoding=\"async\" width=\"611\" height=\"318\" src=\"http:\/\/primermomento.com\/wp-content\/uploads\/2017\/07\/Dominicanos-NY-esperan-caso-Odebrecht-no-quede-en-el-limbo-como-otros-en-RD.jpg\" alt=\"\" class=\"wp-image-292126\" srcset=\"https:\/\/primermomento.com\/wp-content\/uploads\/2017\/07\/Dominicanos-NY-esperan-caso-Odebrecht-no-quede-en-el-limbo-como-otros-en-RD.jpg 611w, https:\/\/primermomento.com\/wp-content\/uploads\/2017\/07\/Dominicanos-NY-esperan-caso-Odebrecht-no-quede-en-el-limbo-como-otros-en-RD-300x156.jpg 300w, https:\/\/primermomento.com\/wp-content\/uploads\/2017\/07\/Dominicanos-NY-esperan-caso-Odebrecht-no-quede-en-el-limbo-como-otros-en-RD-500x260.jpg 500w, https:\/\/primermomento.com\/wp-content\/uploads\/2017\/07\/Dominicanos-NY-esperan-caso-Odebrecht-no-quede-en-el-limbo-como-otros-en-RD-280x146.jpg 280w, https:\/\/primermomento.com\/wp-content\/uploads\/2017\/07\/Dominicanos-NY-esperan-caso-Odebrecht-no-quede-en-el-limbo-como-otros-en-RD-118x61.jpg 118w, https:\/\/primermomento.com\/wp-content\/uploads\/2017\/07\/Dominicanos-NY-esperan-caso-Odebrecht-no-quede-en-el-limbo-como-otros-en-RD-479x249.jpg 479w\" sizes=\"auto, (max-width: 611px) 100vw, 611px\" \/><\/figure>\n\n\n\n<p>El Ministerio P\u00fablico termin\u00f3 la exposici\u00f3n de pruebas a los siete  acusados: el senador Tommy Gal\u00e1n, los exsenadores Andr\u00e9s Bautista,  Roberto Rodr\u00edguez y Jes\u00fas V\u00e1squez, el exministro V\u00edctor D\u00edaz, el abogado  Conrado Pittaluga y el empresario \u00c1ngel Rond\u00f3n, a este \u00faltimo se le  atribuye el reparto de los 92 millones de d\u00f3lares pagados como sobornos.<\/p>\n\n\n\n<p>\n La fiscal\u00eda acus\u00f3 a los que hoy son juzgados, por soborno, asociaci\u00f3n \nde malhechores, prevaricaci\u00f3n, desfalco, enriquecimiento il\u00edcito y \nlavado de activos, delitos los cuales niegan los imputados.<\/p>\n\n\n\n<p> \nAsimismo, solicit\u00f3 al Juez de la Instrucci\u00f3n Especial de la Suprema \nCorte de Justicia, Francisco Ortega, se le impongan medidas de coerci\u00f3n a\n V\u00e1squez, en este caso de impedimento de salida del pa\u00eds y tambi\u00e9n de \nbloqueo de sus cuentas bancarias.<\/p>\n\n\n\n<p> Recordar que sobre este no existen medidas al ser el \u00faltimo expediente incluido en el proceso.<\/p>\n\n\n\n<p>\n Al inicio del caso, el Ministerio P\u00fablico emiti\u00f3 orden de arresto \ncontra 14 personas, la mayor\u00eda de ellas altos dirigentes del Partido de \nla Liberaci\u00f3n Dominicana, incluyendo a tres miembros de su Comit\u00e9 \nPol\u00edtico, m\u00e1ximo \u00f3rgano de direcci\u00f3n de esa organizaci\u00f3n, y dos del \nComit\u00e9 Central .<\/p>\n\n\n\n<p> Tambi\u00e9n entre los implicados en el caso hubo \ndirigentes del opositor Partido Revolucionario Moderno y del \nRevolucionario Dominicano, junto a empresarios y otros funcionarios.<\/p>\n\n\n\n<p>\n Pero posteriormente disminuyeron los acusados en un momento cuando la \nopini\u00f3n p\u00fablica de la Rep\u00fablica Dominicana esperaba ver m\u00e1s nombres \nincluidos en el expediente.<\/p>\n\n\n\n<p> Sin embargo, el Procurador General, \nJean Alain Rodr\u00edguez, inform\u00f3 en aquel momento que en las \ninvestigaciones efectuadas no se encontraron evidencias suficientes las \ncuales vincularan al resto de los implicados de inicio.<\/p>\n\n\n\n<p> Y \nquedaron fuera del proceso C\u00e9sar S\u00e1nchez, Bernardo Castellanos, Juan \nTem\u00edstocles Mont\u00e1s, Julio C\u00e9sar Valent\u00edn, M\u00e1ximo De Oleo, Alfredo \nPacheco, Radham\u00e9s Segura y Ruddy Gonz\u00e1lez.<\/p>\n\n\n\n<p> En relaci\u00f3n con estos\n \u00faltimos, Rodr\u00edguez explic\u00f3 fueron archivados sus procedimientos bajo la\n reserva de que si aparecieran nuevas pruebas se proceder\u00eda de acuerdo \ncon lo establecido en la norma procesal.<\/p>\n\n\n\n<p> Ahora, luego de siete \naudiencias, el grupo de 12 fiscales dirigidos por Laura Guerrero, \nprocuradora Especializada de Persecuci\u00f3n de la Corrupci\u00f3n, finaliz\u00f3 con \nla enumeraci\u00f3n de las pruebas, que dijo son m\u00e1s de mil en contra de los \nencartados y solicit\u00f3 -como ya se dijo-, auto de apertura a juicio de \nfondo y la acreditaci\u00f3n de las pruebas presentadas.<\/p>\n\n\n\n<p> Igualmente, \nel \u00f3rgano judicial pidi\u00f3 al juez &#8216;para garantizar que los imputados no \nse sustraigan del proceso&#8217;, se mantenga la medida de coerci\u00f3n, \nconsistente en impedimento de salida del pa\u00eds y presentaci\u00f3n peri\u00f3dica.<\/p>\n\n\n\n<p>\n Solicit\u00f3 la inmovilizaci\u00f3n de los fondos contra los acusados y se \nordene la inscripci\u00f3n de hipoteca judicial sobre los inmuebles de todos \nlos encartados.<\/p>\n\n\n\n<p> A partir del pr\u00f3ximo lunes, la audiencia \ncontinuar\u00e1 con la defensa por parte de los imputados, siendo el primero \nBautista al ser por orden alfab\u00e9tico. Los acusados tendr\u00e1n cinco d\u00edas \nconsecutivos para ejercer su derecho y evitar el env\u00edo a juicio.<\/p>\n\n\n\n<p> El caso Odebrecht se sigue en este pa\u00eds desde 2017 y a\u00fan no he llegado a su etapa de juicio de fondo.<\/p>\n\n\n\n<p> Sin dudas, estamos ante un proceso el cual ha dado y dar\u00e1 mucho de que hablar.<\/p>\n\n\n\n<p>\n Tengamos en cuenta que con la presentaci\u00f3n del expediente se abri\u00f3 paso\n a todo un proceso de a\u00f1os, algunos expertos le vaticinan no menos de \ncuatro, tiempo que para nada es descabellado pues los procedimientos \nlegales lo amparan.<\/p>\n\n\n\n<p> Odebrecht lleg\u00f3 a un acuerdo con la  Procuradur\u00eda por el que deber\u00e1 pagar 184 millones de d\u00f3lares en varias  cuotas, el doble de lo entregado en sobornos entre 2001 y 2014.<\/p>\n\n\n\n<p style=\"text-align:right\">  Edilberto F. M\u00e9ndez Amador\/<em>PL<\/em><\/p>\n","protected":false},"excerpt":{"rendered":"<p>SANTO DOMINGO, Rep\u00fablica Dominicana.- Una vez concluida la presentaci\u00f3n de pruebas por parte de la Fiscal\u00eda en la audiencia que se sigue en Dominicana hoy a los implicados en el caso Odebrecht, ese \u00f3rgano solicit\u00f3 enviarlos a juicio. El Ministerio P\u00fablico termin\u00f3 la exposici\u00f3n de pruebas a los siete acusados: el senador Tommy Gal\u00e1n, los [&hellip;]<\/p>\n","protected":false},"author":1,"featured_media":0,"comment_status":"open","ping_status":"open","sticky":false,"template":"","format":"standard","meta":{"_bbp_topic_count":0,"_bbp_reply_count":0,"_bbp_total_topic_count":0,"_bbp_total_reply_count":0,"_bbp_voice_count":0,"_bbp_anonymous_reply_count":0,"_bbp_topic_count_hidden":0,"_bbp_reply_count_hidden":0,"_bbp_forum_subforum_count":0,"footnotes":""},"categories":[60,32],"tags":[],"class_list":{"0":"post-314951","1":"post","2":"type-post","3":"status-publish","4":"format-standard","6":"category-titulares-del-dia","7":"category-lo-ultimo"},"_links":{"self":[{"href":"https:\/\/primermomento.com\/index.php?rest_route=\/wp\/v2\/posts\/314951","targetHints":{"allow":["GET"]}}],"collection":[{"href":"https:\/\/primermomento.com\/index.php?rest_route=\/wp\/v2\/posts"}],"about":[{"href":"https:\/\/primermomento.com\/index.php?rest_route=\/wp\/v2\/types\/post"}],"author":[{"embeddable":true,"href":"https:\/\/primermomento.com\/index.php?rest_route=\/wp\/v2\/users\/1"}],"replies":[{"embeddable":true,"href":"https:\/\/primermomento.com\/index.php?rest_route=%2Fwp%2Fv2%2Fcomments&post=314951"}],"version-history":[{"count":1,"href":"https:\/\/primermomento.com\/index.php?rest_route=\/wp\/v2\/posts\/314951\/revisions"}],"predecessor-version":[{"id":314952,"href":"https:\/\/primermomento.com\/index.php?rest_route=\/wp\/v2\/posts\/314951\/revisions\/314952"}],"wp:attachment":[{"href":"https:\/\/primermomento.com\/index.php?rest_route=%2Fwp%2Fv2%2Fmedia&parent=314951"}],"wp:term":[{"taxonomy":"category","embeddable":true,"href":"https:\/\/primermomento.com\/index.php?rest_route=%2Fwp%2Fv2%2Fcategories&post=314951"},{"taxonomy":"post_tag","embeddable":true,"href":"https:\/\/primermomento.com\/index.php?rest_route=%2Fwp%2Fv2%2Ftags&post=314951"}],"curies":[{"name":"wp","href":"https:\/\/api.w.org\/{rel}","templated":true}]}}