{"id":314966,"date":"2019-02-07T04:37:57","date_gmt":"2019-02-07T08:37:57","guid":{"rendered":"http:\/\/primermomento.com\/?p=314966"},"modified":"2019-02-07T15:41:19","modified_gmt":"2019-02-07T19:41:19","slug":"cuando-es-reaccionaria-la-izquierda","status":"publish","type":"post","link":"https:\/\/primermomento.com\/?p=314966","title":{"rendered":"Cuando es reaccionaria la izquierda"},"content":{"rendered":"\n<p>La izquierda no puede ser reducida a una expresi\u00f3n pol\u00edtica homog\u00e9nea, ni siquiera puede ser resumida en una definici\u00f3n; como tampoco el marxismo puede ser resumido a todo lo que dijo Marx, es m\u00e1s que eso. En tal sentido, me refiero a determinadas actitudes de partidos y\/o grupos pol\u00edticos que, reclam\u00e1ndose de izquierda en determinadas coyunturas o eventos asumen una posici\u00f3n reaccionaria, reaccionaria en el sentido de que por diversas razones asumen una posici\u00f3n reacia a incidir en que una coyuntura se convierta en la posibilidad de crear las condiciones para evitar la continuidad de un r\u00e9gimen o un retroceso hacia lo peor, impidiendo que se cree una din\u00e1mica  pol\u00edtica que pueda producir un escenario m\u00e1s favorable a las fuerzas progresistas.<\/p>\n\n\n\n<div class=\"wp-block-image\"><figure class=\"alignleft\"><img loading=\"lazy\" decoding=\"async\" width=\"200\" height=\"133\" src=\"http:\/\/primermomento.com\/wp-content\/uploads\/2016\/08\/Cesar-Perez-e1544643175836.jpg\" alt=\"\" class=\"wp-image-280305\"\/><\/figure><\/div>\n\n\n\n<p>A pesar de la falsa percepci\u00f3n de algunos, no han desaparecido las actitudes y posiciones sobre diversos temas, sobre todo pol\u00edtico, que en esencia definen la izquierda y la derecha (plurales ambas).  En general, la una como la otra tiene referencias ideales o principios con las que justifican sus posturas ante determinadas coyunturas. Sin embargo, por razones hist\u00f3ricas, culturales y de la pr\u00e1ctica social la izquierda es m\u00e1s propensa a actuar o tomar posiciones sobre la base de ideas\/gu\u00edas y\/o principios, por eso en algunas coyunturas tienden a ser m\u00e1s err\u00e1ticos que la derecha. Algunos sectores de la izquierda dominicana asumieron una posici\u00f3n pol\u00edticamente reaccionaria cuando se abstuvieron de votar por Pe\u00f1a G\u00f3mez en 1996. Mantuvieron su \u00e9tica de principios y facilitaron el paso del candidato del derechista \u201cFrente Patri\u00f3tico. Algunos votaron por este.<\/p>\n\n\n\n<p>Francesco Piccolo, dir\u00eda que prefirieron no traicionarse a s\u00ed mismos (manteniendo su \u00e9tica de principios, sus purezas), prefiriendo traicionar el sentimiento de millones de personas que deseaban un cambio, no una continuidad del antiguo r\u00e9gimen, el de Balaguer; inobservaron el principio de la \u00e9tica de la responsabilidad y las consecuencias se presentan hoy como tragedia. En Italia, en nombre de la \u00e9tica de los principios, una fracci\u00f3n del partido Refundaci\u00f3n Comunista prefiri\u00f3 votar contra un voto de confianza al gobierno coalici\u00f3n de izquierda y centroderecha, a pesar de saber que con su voto contrario ca\u00eda ese gobierno y abr\u00eda la v\u00eda del retorno del ultraderechista Berlusconi, como sucedi\u00f3, llevando a Italia a una pesadilla que dur\u00f3 20 a\u00f1os. En ambos casos esas izquierdas asumieron una posici\u00f3n pol\u00edticamente reaccionaria.<\/p>\n\n\n\n<p>Es archisabido que sectores progresistas nuestros que se sienten de izquierda, en las elecciones del 2012 y 2016 mantuvieron una posici\u00f3n de no acuerdo con la \u00fanica fuerza (esencialmente no de derecha) con capacidad de derrotar al partido de la impunidad y la mega corrupci\u00f3n, el PLD. En ambas elecciones mantuvieron sus purezas, pero en la sociedad dominicana se mantiene una situaci\u00f3n de m\u00e1s corrupci\u00f3n y m\u00e1s incertidumbre, sobre todo en la juventud; esperemos que para las elecciones del 2020 asuman la \u00e9tica de la responsabilidad oyendo el clamor generalizado por una confluencia de fuerzas que produzcan el final de 16 a\u00f1os ininterrumpidos de pesadilla.<\/p>\n\n\n\n<p>Esa tendencia es a veces in\u00fatil pol\u00edticamente, pero las hay de amplia solvencia pol\u00edtica e intelectual que se expresan en pensadores de la talla de Antonio Gramsci, Isacc Deutscher, Eric Hobsbawm, Francois Furet, Perry Anderson, Ernesto Laclau , Rosa Luxemburgo, David Havey, y diversos autores en casi todos los pa\u00edses, incluyendo el nuestro,  que desde sus perspectiva de an\u00e1lisis marxista han enriquecido el acervo de las ciencias sociales. Como tambi\u00e9n las hay sin vocaci\u00f3n cient\u00edfica, que, como la gente de fe, su verdad ya la han \u201cencontrado\u201d y no se confrontan con la realidad y el car\u00e1cter cambiante de la misma, es esa izquierda que no discute, sino que insulta al diversamente pensante, la integrada por una suerte de feligreses y no por militantes con capacidad y libertad de tener sus propias convicciones.<\/p>\n\n\n\n<p>Es curioso que gente de todos los signos ideol\u00f3gicos tiendan a matizar cuando se refiere a la derecha, la entienden ultra, de centro y hasta limpia (en Italia en un tiempo se acu\u00f1\u00f3 el t\u00e9rmino de \u201cdestra pulita\u201d (derecha limpia) para diferenciarla de la ultra, la fascista. Sin embargo, la matizaci\u00f3n es mucho menor cuando se refieren a la izquierda, hacen de todas sus variantes una sola cosa, la meten en el mismo saco\u2026 y no siempre por ignorancia. Quiz\u00e1s en gran medida por eso en un pa\u00eds como este, donde la izquierda tiene cerca de 30 a\u00f1os de extrema marginalidad en todos los sentidos, se requiere de una gran templanza para reclamarse de esa corriente, adem\u00e1s porque la arrogancia, compa\u00f1era inseparable de la ignorancia y la intolerancia, dificultan el dialogo entre personas de pensamientos diferentes. A ese dialogo se niega cierta izquierda.<\/p>\n\n\n\n<p>Esto \u00faltimo constituye otra vertiente del car\u00e1cter reaccionario de esa izquierda, la que transita el camino hacia ninguna parte. Afortunadamente hay otras expresiones que, en las formas que dictan los tiempos, tambi\u00e9n existen. S\u00f3lo ellas y el tiempo sabr\u00e1n decir para qu\u00e9. <\/p>\n\n\n\n<p style=\"text-align:right\">C\u00e9sar P\u00e9rez<br><em> Soci\u00f3logo y profesor universitario<\/em><\/p>\n","protected":false},"excerpt":{"rendered":"<p>La izquierda no puede ser reducida a una expresi\u00f3n pol\u00edtica homog\u00e9nea, ni siquiera puede ser resumida en una definici\u00f3n; como tampoco el marxismo puede ser resumido a todo lo que dijo Marx, es m\u00e1s que eso. En tal sentido, me refiero a determinadas actitudes de partidos y\/o grupos pol\u00edticos que, reclam\u00e1ndose de izquierda en determinadas [&hellip;]<\/p>\n","protected":false},"author":1,"featured_media":0,"comment_status":"open","ping_status":"open","sticky":false,"template":"","format":"standard","meta":{"_bbp_topic_count":0,"_bbp_reply_count":0,"_bbp_total_topic_count":0,"_bbp_total_reply_count":0,"_bbp_voice_count":0,"_bbp_anonymous_reply_count":0,"_bbp_topic_count_hidden":0,"_bbp_reply_count_hidden":0,"_bbp_forum_subforum_count":0,"footnotes":""},"categories":[33],"tags":[],"class_list":{"0":"post-314966","1":"post","2":"type-post","3":"status-publish","4":"format-standard","6":"category-opinion"},"_links":{"self":[{"href":"https:\/\/primermomento.com\/index.php?rest_route=\/wp\/v2\/posts\/314966","targetHints":{"allow":["GET"]}}],"collection":[{"href":"https:\/\/primermomento.com\/index.php?rest_route=\/wp\/v2\/posts"}],"about":[{"href":"https:\/\/primermomento.com\/index.php?rest_route=\/wp\/v2\/types\/post"}],"author":[{"embeddable":true,"href":"https:\/\/primermomento.com\/index.php?rest_route=\/wp\/v2\/users\/1"}],"replies":[{"embeddable":true,"href":"https:\/\/primermomento.com\/index.php?rest_route=%2Fwp%2Fv2%2Fcomments&post=314966"}],"version-history":[{"count":1,"href":"https:\/\/primermomento.com\/index.php?rest_route=\/wp\/v2\/posts\/314966\/revisions"}],"predecessor-version":[{"id":314967,"href":"https:\/\/primermomento.com\/index.php?rest_route=\/wp\/v2\/posts\/314966\/revisions\/314967"}],"wp:attachment":[{"href":"https:\/\/primermomento.com\/index.php?rest_route=%2Fwp%2Fv2%2Fmedia&parent=314966"}],"wp:term":[{"taxonomy":"category","embeddable":true,"href":"https:\/\/primermomento.com\/index.php?rest_route=%2Fwp%2Fv2%2Fcategories&post=314966"},{"taxonomy":"post_tag","embeddable":true,"href":"https:\/\/primermomento.com\/index.php?rest_route=%2Fwp%2Fv2%2Ftags&post=314966"}],"curies":[{"name":"wp","href":"https:\/\/api.w.org\/{rel}","templated":true}]}}