{"id":314968,"date":"2019-02-07T05:41:28","date_gmt":"2019-02-07T09:41:28","guid":{"rendered":"http:\/\/primermomento.com\/?p=314968"},"modified":"2019-02-07T15:57:43","modified_gmt":"2019-02-07T19:57:43","slug":"del-sur-venezuela-no-2","status":"publish","type":"post","link":"https:\/\/primermomento.com\/?p=314968","title":{"rendered":"Del sur Venezuela \u00a1No! (2)"},"content":{"rendered":"\n<p><em>\u201cTodo vale en Chile. Golpeen sus traseros, \u00bfok?\u201d<\/em><br> Richard Nixon a Henry Kissinger (1971)<\/p>\n\n\n\n<p>Hace unos d\u00edas los chilenos fuimos especialmente impactados por el fallo en primera instancia de un juez que, luego de a\u00f1os de investigar y comprobar que se trataba de un asesinato, conden\u00f3 a los autores del magnicidio en 1981 de Eduardo Frei Montalva, presidente de Chile entre los a\u00f1os 1964 y 1970. <\/p>\n\n\n\n<p>De la profunda tristeza y el horror de ver confirmado que fueron agentes del Estado los que cometieron el crimen y que la decisi\u00f3n de asesinar al ex presidente fue de la dictadura, la memoria me llev\u00f3 a recordar que Frei estuvo liderando junto con Aylwin la oposici\u00f3n m\u00e1s inflexible y lejana al di\u00e1logo con el gobierno de Salvador Allende.  \u201cSi me dieran a elegir entre una dictadura marxista y una dictadura de nuestros militares, yo elegir\u00eda la segunda\u201d declar\u00f3 a The Washington Post Patricio Aylwin el 26 de agosto de 1973, tan solo unos d\u00edas antes del golpe de Estado. Sin duda eligi\u00f3 mal. El asesinato de Frei vuelve a confirmarlo.<\/p>\n\n\n\n<div class=\"wp-block-image\"><figure class=\"alignleft\"><img decoding=\"async\" src=\"http:\/\/primermomento.com\/wp-content\/uploads\/2016\/09\/Guillermo-Cifuentes3.jpg\" alt=\"\" class=\"wp-image-280855\"\/><\/figure><\/div>\n\n\n\n<p>Eduardo Frei y Patricio Aylwin (reconozco mi absoluta debilidad por la pol\u00edtica comparada) estuvieron entre los sectores que no se la jugaron por el di\u00e1logo cuando la crisis pol\u00edtica chilena termin\u00f3 con la democracia. Incluso en noviembre del 73, cuando los asesinatos eran de p\u00fablico conocimiento, cuando la represi\u00f3n y el crimen no pod\u00edan ser desconocidos para Frei -a quien Dios tenga en su Reino-, lleg\u00f3 incluso a defender y a justificar el Golpe en una carta dirigida a Mariano Rumor.  En estos t\u00e9rminos justificativos se refiri\u00f3 a lo ocurrido antes y a lo que estaba ocurriendo:<\/p>\n\n\n\n<p>\u201cLa inflaci\u00f3n en cifras oficiales del gobierno lleg\u00f3 a 323 por ciento en los \u00faltimos doce meses, pero los Institutos Universitarios, teniendo en consideraci\u00f3n que pr\u00e1cticamente el pa\u00eds viv\u00eda del mercado negro, estimaban que \u00e9sta superaba al 600 por ciento. El d\u00f3lar en el mercado libre se transaba al t\u00e9rmino del gobierno de la Democracia Cristiana a 20 escudos por d\u00f3lar. En el mes de agosto reci\u00e9n pasado llegaba a los 2.500 escudos por d\u00f3lar, o sea, una devaluaci\u00f3n de m\u00e1s o menos el 12.000 por ciento.\u201d <\/p>\n\n\n\n<p>\u201cTodos los \u00edndices de productividad hab\u00edan bajado: Industrialmente en m\u00e1s de un 7 por ciento; en la agricultura cerca del 23 por ciento y en la miner\u00eda aproximadamente en un 30 por ciento. Rubros tan fundamentales como el trigo baj\u00f3 su producci\u00f3n de 14 millones de quintales t\u00e9rmino medio en los seis a\u00f1os anteriores, a menos de 8 millones. Muchos institutos de investigaci\u00f3n afirman que a menos de 6 millones. La quiebra era total.\u201d<\/p>\n\n\n\n<p>\u201cPero lo ocurrido despu\u00e9s del 11 de septiembre es algo inveros\u00edmil para los chilenos. Fueron miles los que escucharon decir a la Radio de Mosc\u00fa que hab\u00edan muerto 700 mil personas, en dos d\u00edas. Otros hablaban de 30.000 y que corr\u00edan r\u00edos de sangre en Santiago. Para nosotros una sola vida humana no tiene precio. No decimos esto por disminuir la tragedia a que el pa\u00eds fue llevado, pero seg\u00fan nuestras informaciones, los muertos no llegar\u00edan a dos mil, lo que es bien diferente a tan burdas mentiras.\u201d<\/p>\n\n\n\n<p>Nada me gustar\u00eda m\u00e1s que darle la raz\u00f3n a Frei Montalva y que el conteo de los asesinados y desparecidos nunca hubiera alcanzado la cifra 2001 muertos.  Pero eso no fue lo que ocurri\u00f3.  Lo que finalmente ocurri\u00f3 en Chile estuvo determinado por la b\u00fasqueda de salidas fuera de la pol\u00edtica, por la apuesta a la guerra, seg\u00fan lo confirma, entre otros, el informe de la Comisi\u00f3n Church del Senado norteamericano que demuestra que fuimos beneficiarios de \u201cla ayuda humanitaria\u201d de los Estados Unidos.<\/p>\n\n\n\n<p>Rep\u00fablica Dominicana tambi\u00e9n sabe que cuando 45.000 ejemplares de ayuda humanitaria desembarcan no es la democracia la que llega. Ah\u00ed est\u00e1n para la historia de la media isla los 12 a\u00f1os de ejercicio brutal del \u201cpadre de la democracia\u201d que inmediatamente siguieron a la invasi\u00f3n del 65. Los chilenos sufrimos 17 a\u00f1os de dictadura y es dif\u00edcil calcular cu\u00e1ntos a\u00f1os m\u00e1s durar\u00e1n las consecuencias. <\/p>\n\n\n\n<p>Sin lugar a dudas Maduro no es Allende, pero si leemos bien el relato de Frei Montalva que parcialmente he copiado para ustedes, es innegable que tiene un cruel parecido a los diagn\u00f3sticos que se hacen hoy para Venezuela. Lo que hay que evitar es que el desenlace sea parecido.<br>\nSe hace necesario opinar lejos del fanatismo interesado que alimentan las grandes cadenas de noticias y por supuesto los intereses, esos que tan claramente nos explic\u00f3 John Bolton, el ex jefe de la USAID y actual consejero de seguridad nacional de Donald Trump: \u201cHar\u00eda una gran diferencia para los Estados Unidos, econ\u00f3micamente, si pudi\u00e9ramos tener a las empresas petroleras estadounidenses invirtiendo y produciendo&nbsp;petr\u00f3leo\u00bb (En Venezuela, claro).<\/p>\n\n\n\n<p>Y sigan sumando: Pedro S\u00e1nchez \u2013que exige elecciones sin haber llegado al cargo que ocupa mediante el sufragio de los espa\u00f1oles- se despacha que para Espa\u00f1a, Venezuela es \u201cun problema de Estado\u201d(sic). Mierda\u2026 y uno que cre\u00eda que desde la independencia de las colonias americanas ese tipo de afirmaciones no pod\u00eda ser hecho. Claro que no cont\u00e1bamos con la aparici\u00f3n de un socialista designado CEO de empresas espa\u00f1olas como el Banco Santander o la Telef\u00f3nica. Con esos ejemplos anotados, se puede concluir que los  intereses en juego no tienen que ver con la democracia, el pecado mayor se llama PDVSA, sin importar como funciona, el mundo neoliberal no puede aceptar en el pa\u00eds con las m\u00e1s grandes reservas petroleras una empresa que lo explote y que sea de propiedad estatal. Y si bien son indiscutibles las responsabilidades en la crisis del gobierno encabezado por Maduro, ninguno de los que intentan derrocarlo tienen ni derechos, ni hoja de vida.<\/p>\n\n\n\n<p>La profunda crisis por la que atraviesa Venezuela no va a resolverse si no se hace desde una mirada menos exaltada. Multipliquen por dos el desastre econ\u00f3mico de Chile que tan minuciosamente describ\u00eda Frei Montalva y el que hace la oposici\u00f3n venezolana y tendr\u00e1n mejores razones para buscar soluciones pol\u00edticas. En mi limitado conocimiento de las dictaduras, no me cuadra que aparezca un se\u00f1or que se proclama presidente ante una muchedumbre y que unos metros m\u00e1s all\u00e1 est\u00e9 reunida una muchedumbre parecida, pero que apoya al gobierno.<\/p>\n\n\n\n<p>Y si aterrizamos m\u00e1s cerca: \u00bfPuede un legislador dominicano que haya votado favorablemente la ley de partidos cuestionar el sistema electoral venezolano? No, no debe.  Y si tuviera algo de pudor no puede: con la ley 33-18 el partido que eligi\u00f3 a Guaid\u00f3, nunca habr\u00eda podido elegirlo, pues ese partido concurri\u00f3 aliado a la primera elecci\u00f3n en la que participaba. Y hay m\u00e1s: Guaid\u00f3 fue electo con las mismas instituciones y por las mismas autoridades electorales que ejercieron cuando la elecci\u00f3n de Maduro.   Por eso me atrevo a compartir con ustedes lo que anot\u00e9 en mi art\u00edculo titulado \u201cVenezuela \u00a1No!\u201d en abril de 2013: \u201chemos visto la verdadera cara de quienes defienden las elecciones solamente cuando las ganan. Cuando pierden o no gana alguno de sus socios, c\u00f3mo matan.&nbsp; S\u00ed, \u00a1\u00a1C\u00f3mo matan!!\u201d.<\/p>\n\n\n\n<p>El mundo progresista y la izquierda que queda tiene en esta crisis una gran responsabilidad. Encuentros como el \u201cForo de San Pablo\u201d no pueden repetir cheques en blanco que tienen consecuencias terribles para las luchas por la justicia y la paz. Hay que dejar el balc\u00f3n de las diatribas, reconocer los problemas, no ocultar a los responsables y transformarse en actores de la soluci\u00f3n de la crisis. Cualquier otro camino lleva a una soluci\u00f3n de fuerza cuyo desenlace es desconocido. Eso s\u00ed, los muertos van a quedar frente a nosotros como consecuencia de lo que no hicimos.<\/p>\n\n\n\n<p>En Chile, Patricio Aylwin confes\u00f3 haberse equivocado despu\u00e9s de muchos a\u00f1os. Si no lo hubieran asesinado, Eduardo Frei posiblemente tambi\u00e9n lo hubiera confesado. Ese es el destino de quienes ponen tantos argumentos para negar la posibilidad del di\u00e1logo, sin darse cuenta que cada uno de esos argumentos son la mejor raz\u00f3n para defenderlo como la \u00fanica posibilidad de salida democr\u00e1tica. <\/p>\n\n\n\n<p>Los irresponsables que con tanta autoridad pontifican acerca de la falta de democracia en Venezuela y cierran un ojo para no ver la masacre colombiana (que es violatoria de los Derechos Humanos) o los fraudes electorales en Centro Am\u00e9rica (Honduras) o los asesinatos de periodistas en M\u00e9xico (donde no los persiguen, los matan) deben ver con algo m\u00e1s de perspectiva la crisis venezolana y renunciar al gustito, bastante improbable, de derrocar a Maduro y provocar un desastre del que no se har\u00e1n responsables: quienes favorecen la divisi\u00f3n de las Fuerzas Armadas venezolanas ensayan el camino corto para una guerra civil, los abogados cobrar\u00e1n y se ir\u00e1n, los periodistas olvidar\u00e1n lo que escribieron y los pol\u00edticos negar\u00e1n lo que hicieron.<\/p>\n\n\n\n<p>El Papa Francisco y el Secretario General de las Naciones Unidas han manifestado su disposici\u00f3n a mediar con la sola condici\u00f3n de que lo soliciten las dos partes. En Montevideo varios pa\u00edses entre los que est\u00e1 M\u00e9xico, Uruguay, Bolivia y algunos europeos buscar\u00e1n formas de colaborar en los esfuerzos necesarios para evitar que, como los chilenos de fines de agosto de 1973, los venezolanos tengan que leer en la portada de un peri\u00f3dico el aviso de lo que viene: \u201cTiene la palabra el camarada m\u00e1user<\/p>\n\n\n\n<p style=\"text-align:right\">Guillermo Cifuentes<br> <em>Articulista<\/em><\/p>\n","protected":false},"excerpt":{"rendered":"<p>\u201cTodo vale en Chile. Golpeen sus traseros, \u00bfok?\u201d Richard Nixon a Henry Kissinger (1971) Hace unos d\u00edas los chilenos fuimos especialmente impactados por el fallo en primera instancia de un juez que, luego de a\u00f1os de investigar y comprobar que se trataba de un asesinato, conden\u00f3 a los autores del magnicidio en 1981 de Eduardo [&hellip;]<\/p>\n","protected":false},"author":1,"featured_media":0,"comment_status":"open","ping_status":"open","sticky":false,"template":"","format":"standard","meta":{"_bbp_topic_count":0,"_bbp_reply_count":0,"_bbp_total_topic_count":0,"_bbp_total_reply_count":0,"_bbp_voice_count":0,"_bbp_anonymous_reply_count":0,"_bbp_topic_count_hidden":0,"_bbp_reply_count_hidden":0,"_bbp_forum_subforum_count":0,"footnotes":""},"categories":[33],"tags":[],"class_list":{"0":"post-314968","1":"post","2":"type-post","3":"status-publish","4":"format-standard","6":"category-opinion"},"_links":{"self":[{"href":"https:\/\/primermomento.com\/index.php?rest_route=\/wp\/v2\/posts\/314968","targetHints":{"allow":["GET"]}}],"collection":[{"href":"https:\/\/primermomento.com\/index.php?rest_route=\/wp\/v2\/posts"}],"about":[{"href":"https:\/\/primermomento.com\/index.php?rest_route=\/wp\/v2\/types\/post"}],"author":[{"embeddable":true,"href":"https:\/\/primermomento.com\/index.php?rest_route=\/wp\/v2\/users\/1"}],"replies":[{"embeddable":true,"href":"https:\/\/primermomento.com\/index.php?rest_route=%2Fwp%2Fv2%2Fcomments&post=314968"}],"version-history":[{"count":1,"href":"https:\/\/primermomento.com\/index.php?rest_route=\/wp\/v2\/posts\/314968\/revisions"}],"predecessor-version":[{"id":314969,"href":"https:\/\/primermomento.com\/index.php?rest_route=\/wp\/v2\/posts\/314968\/revisions\/314969"}],"wp:attachment":[{"href":"https:\/\/primermomento.com\/index.php?rest_route=%2Fwp%2Fv2%2Fmedia&parent=314968"}],"wp:term":[{"taxonomy":"category","embeddable":true,"href":"https:\/\/primermomento.com\/index.php?rest_route=%2Fwp%2Fv2%2Fcategories&post=314968"},{"taxonomy":"post_tag","embeddable":true,"href":"https:\/\/primermomento.com\/index.php?rest_route=%2Fwp%2Fv2%2Ftags&post=314968"}],"curies":[{"name":"wp","href":"https:\/\/api.w.org\/{rel}","templated":true}]}}