{"id":314970,"date":"2019-02-07T07:06:13","date_gmt":"2019-02-07T11:06:13","guid":{"rendered":"http:\/\/primermomento.com\/?p=314970"},"modified":"2019-02-07T16:09:51","modified_gmt":"2019-02-07T20:09:51","slug":"anuncia-equipo-para-buscar-pase-a-mundial-de-baloncesto","status":"publish","type":"post","link":"https:\/\/primermomento.com\/?p=314970","title":{"rendered":"Anuncia equipo para buscar pase a Mundial de Baloncesto"},"content":{"rendered":"\n<p>SANTO DOMINGO, Rep\u00fablica Dominicana.- Este pa\u00eds anunci\u00f3 hoy su  equipo masculino de cara a los partidos que tendr\u00e1 por delante en la  \u00faltima ventana del Clasificatorio de las Am\u00e9ricas para el Mundial de  Baloncesto 2019.                         <br>                          <\/p>\n\n\n\n<div class=\"wp-block-image\"><figure class=\"aligncenter\"><img loading=\"lazy\" decoding=\"async\" width=\"748\" height=\"498\" src=\"http:\/\/primermomento.com\/wp-content\/uploads\/2019\/02\/baloncesto-dominicana.jpg\" alt=\"\" class=\"wp-image-314971\" srcset=\"https:\/\/primermomento.com\/wp-content\/uploads\/2019\/02\/baloncesto-dominicana.jpg 748w, https:\/\/primermomento.com\/wp-content\/uploads\/2019\/02\/baloncesto-dominicana-300x200.jpg 300w, https:\/\/primermomento.com\/wp-content\/uploads\/2019\/02\/baloncesto-dominicana-73x50.jpg 73w, https:\/\/primermomento.com\/wp-content\/uploads\/2019\/02\/baloncesto-dominicana-500x333.jpg 500w, https:\/\/primermomento.com\/wp-content\/uploads\/2019\/02\/baloncesto-dominicana-280x186.jpg 280w, https:\/\/primermomento.com\/wp-content\/uploads\/2019\/02\/baloncesto-dominicana-60x40.jpg 60w, https:\/\/primermomento.com\/wp-content\/uploads\/2019\/02\/baloncesto-dominicana-638x425.jpg 638w, https:\/\/primermomento.com\/wp-content\/uploads\/2019\/02\/baloncesto-dominicana-118x79.jpg 118w, https:\/\/primermomento.com\/wp-content\/uploads\/2019\/02\/baloncesto-dominicana-479x319.jpg 479w\" sizes=\"auto, (max-width: 748px) 100vw, 748px\" \/><\/figure><\/div>\n\n\n\n<p>El gerente general de la selecci\u00f3n dominicana, Francisco Garc\u00eda, brind\u00f3 a  la prensa el listado de los 16 jugadores que integran la preselecci\u00f3n  con el objetivo de luchar por un cupo para el mundial, tarea nada f\u00e1cil  teniendo en cuenta tendr\u00e1 como rivales a Venezuela (9-1) y Brasil (7-3).<\/p>\n\n\n\n<p>\n La preselecci\u00f3n la integran: Ronald Roberts Jr, Ronald Ram\u00f3n, Gelvis \nSolano, Edgar Sosa, Juan Coronado, V\u00edctor Liz, Rigoberto Mendoza, \nDagoberto Pe\u00f1a, Juan Miguel Suero, Juan Guerrero, Juan Jos\u00e9 Garc\u00eda, Eloy\n Vargas, Jhonatan Araujo, Brayan Mart\u00ednez y los nacionalizados Sadiel \nRojas y Malcolm Jaleel Rhett.<\/p>\n\n\n\n<p> Seg\u00fan Garc\u00eda, habl\u00f3 con todos los \nseleccionados y est\u00e1n muy emocionados de representar al pa\u00eds. &#8216;Es un \nequipo atl\u00e9tico con capacidad de defender y creo que haremos un gran \ntrabajo&#8217;, dijo.<\/p>\n\n\n\n<p> Dominicana (6-4) jugar\u00e1 el pr\u00f3ximo 21 de febrero\n contra Venezuela y el 25 frente a Brasil (7-3) en el tabloncillo \nVirgilio Travieso, de esta capital, donde se espera un lleno completo en\n apoyo al equipo.<\/p>\n\n\n\n<p> Am\u00e9rica ser\u00e1, despu\u00e9s de Europa (12), la \nregi\u00f3n con m\u00e1s plazas para la fiesta mundial de las canastas, con siete,\n la misma cantidad que Asia y Ocean\u00eda.<\/p>\n\n\n\n<p> Por primera vez en la  historia, la FIBA eligi\u00f3 un sistema clasificatorio de ventanas  eliminatorias con partidos de ida y vuelta, similar al que se utiliza en  el f\u00fatbol. <\/p>\n\n\n\n<p style=\"text-align:right\">PL<\/p>\n","protected":false},"excerpt":{"rendered":"<p>SANTO DOMINGO, Rep\u00fablica Dominicana.- Este pa\u00eds anunci\u00f3 hoy su equipo masculino de cara a los partidos que tendr\u00e1 por delante en la \u00faltima ventana del Clasificatorio de las Am\u00e9ricas para el Mundial de Baloncesto 2019. El gerente general de la selecci\u00f3n dominicana, Francisco Garc\u00eda, brind\u00f3 a la prensa el listado de los 16 jugadores que [&hellip;]<\/p>\n","protected":false},"author":1,"featured_media":0,"comment_status":"open","ping_status":"open","sticky":false,"template":"","format":"standard","meta":{"_bbp_topic_count":0,"_bbp_reply_count":0,"_bbp_total_topic_count":0,"_bbp_total_reply_count":0,"_bbp_voice_count":0,"_bbp_anonymous_reply_count":0,"_bbp_topic_count_hidden":0,"_bbp_reply_count_hidden":0,"_bbp_forum_subforum_count":0,"footnotes":""},"categories":[42,60],"tags":[],"class_list":{"0":"post-314970","1":"post","2":"type-post","3":"status-publish","4":"format-standard","6":"category-deportes","7":"category-titulares-del-dia"},"_links":{"self":[{"href":"https:\/\/primermomento.com\/index.php?rest_route=\/wp\/v2\/posts\/314970","targetHints":{"allow":["GET"]}}],"collection":[{"href":"https:\/\/primermomento.com\/index.php?rest_route=\/wp\/v2\/posts"}],"about":[{"href":"https:\/\/primermomento.com\/index.php?rest_route=\/wp\/v2\/types\/post"}],"author":[{"embeddable":true,"href":"https:\/\/primermomento.com\/index.php?rest_route=\/wp\/v2\/users\/1"}],"replies":[{"embeddable":true,"href":"https:\/\/primermomento.com\/index.php?rest_route=%2Fwp%2Fv2%2Fcomments&post=314970"}],"version-history":[{"count":1,"href":"https:\/\/primermomento.com\/index.php?rest_route=\/wp\/v2\/posts\/314970\/revisions"}],"predecessor-version":[{"id":314972,"href":"https:\/\/primermomento.com\/index.php?rest_route=\/wp\/v2\/posts\/314970\/revisions\/314972"}],"wp:attachment":[{"href":"https:\/\/primermomento.com\/index.php?rest_route=%2Fwp%2Fv2%2Fmedia&parent=314970"}],"wp:term":[{"taxonomy":"category","embeddable":true,"href":"https:\/\/primermomento.com\/index.php?rest_route=%2Fwp%2Fv2%2Fcategories&post=314970"},{"taxonomy":"post_tag","embeddable":true,"href":"https:\/\/primermomento.com\/index.php?rest_route=%2Fwp%2Fv2%2Ftags&post=314970"}],"curies":[{"name":"wp","href":"https:\/\/api.w.org\/{rel}","templated":true}]}}