{"id":314973,"date":"2019-02-07T08:12:51","date_gmt":"2019-02-07T12:12:51","guid":{"rendered":"http:\/\/primermomento.com\/?p=314973"},"modified":"2019-02-07T16:14:57","modified_gmt":"2019-02-07T20:14:57","slug":"democratas-de-eeuu-forman-panel-legislativo-sobre-cambio-climatico","status":"publish","type":"post","link":"https:\/\/primermomento.com\/?p=314973","title":{"rendered":"Dem\u00f3cratas de EEUU forman panel legislativo sobre cambio clim\u00e1tico"},"content":{"rendered":"\n<p>  WASHINGTON, Distrito de Columbia.- La presidenta de la C\u00e1mara de  Representantes estadounidense, Nancy Pelosi, anunci\u00f3 hoy una lista de  dem\u00f3cratas que integrar\u00e1n el comit\u00e9 especial sobre cambio clim\u00e1tico, en  medio de un creciente preocupaci\u00f3n sobre sus efectos en el pa\u00eds.                         <br>                          <\/p>\n\n\n\n<figure class=\"wp-block-image\"><img loading=\"lazy\" decoding=\"async\" width=\"560\" height=\"226\" src=\"http:\/\/primermomento.com\/wp-content\/uploads\/2018\/11\/Nancy-Pelosi4.jpg\" alt=\"\" class=\"wp-image-312591\" srcset=\"https:\/\/primermomento.com\/wp-content\/uploads\/2018\/11\/Nancy-Pelosi4.jpg 560w, https:\/\/primermomento.com\/wp-content\/uploads\/2018\/11\/Nancy-Pelosi4-300x121.jpg 300w, https:\/\/primermomento.com\/wp-content\/uploads\/2018\/11\/Nancy-Pelosi4-500x202.jpg 500w, https:\/\/primermomento.com\/wp-content\/uploads\/2018\/11\/Nancy-Pelosi4-280x113.jpg 280w, https:\/\/primermomento.com\/wp-content\/uploads\/2018\/11\/Nancy-Pelosi4-118x48.jpg 118w, https:\/\/primermomento.com\/wp-content\/uploads\/2018\/11\/Nancy-Pelosi4-479x193.jpg 479w\" sizes=\"auto, (max-width: 560px) 100vw, 560px\" \/><figcaption>Nancy Pelosi.<\/figcaption><\/figure>\n\n\n\n<p>Este grupo  encabezar\u00e1 el trabajo de los dem\u00f3cratas para desarrollar soluciones  innovadoras y efectivas para prevenir y revertir la crisis clim\u00e1tica,  expres\u00f3 Pelosi en una declaraci\u00f3n.<\/p>\n\n\n\n<p> La representante Kathy Castor\n dirigir\u00e1 el comit\u00e9, que completar\u00e1n Ben Ray Luj\u00e1n, Suzanne Bonamici, \nJulia Brownley, Sean Casten, Jared Huffman, Mike Levin, Donald McEachin y\n Joe Neguse.<\/p>\n\n\n\n<p> Medios de prensa, como el portal pol\u00edtico, \ndestacaron la ausencia de la legisladora Alexandria Ocasio-Cortez, \nreconocida por su activismo medioambiental.<\/p>\n\n\n\n<p> Precisamente, \nOcasio-Cortez, junto al senador Ed Markey, present\u00f3 este jueves la \niniciativa Green New Deal, la cual propone, entre otros aspectos, \neliminar los combustibles f\u00f3siles de industrias como el transporte y la \nmanufactura en Estados Unidos.<\/p>\n\n\n\n<p> La medida contrasta con la \npostura del presidente norteamericano, Donald Trump, quien en reiteradas\n ocasiones neg\u00f3 las consecuencias del cambio clim\u00e1tico, incluso en una \nocasi\u00f3n lo calific\u00f3 de un invento de China para desestabilizar la \neconom\u00eda nacional.<\/p>\n\n\n\n<p> De hecho, su silencio sobre el tema en su  discurso del Estado de la Uni\u00f3n el martes provoc\u00f3 un aluvi\u00f3n de cr\u00edticas  contra el mandatario.<\/p>\n\n\n\n<p style=\"text-align:right\">PL <\/p>\n","protected":false},"excerpt":{"rendered":"<p>WASHINGTON, Distrito de Columbia.- La presidenta de la C\u00e1mara de Representantes estadounidense, Nancy Pelosi, anunci\u00f3 hoy una lista de dem\u00f3cratas que integrar\u00e1n el comit\u00e9 especial sobre cambio clim\u00e1tico, en medio de un creciente preocupaci\u00f3n sobre sus efectos en el pa\u00eds. Este grupo encabezar\u00e1 el trabajo de los dem\u00f3cratas para desarrollar soluciones innovadoras y efectivas para [&hellip;]<\/p>\n","protected":false},"author":1,"featured_media":0,"comment_status":"open","ping_status":"open","sticky":false,"template":"","format":"standard","meta":{"_bbp_topic_count":0,"_bbp_reply_count":0,"_bbp_total_topic_count":0,"_bbp_total_reply_count":0,"_bbp_voice_count":0,"_bbp_anonymous_reply_count":0,"_bbp_topic_count_hidden":0,"_bbp_reply_count_hidden":0,"_bbp_forum_subforum_count":0,"footnotes":""},"categories":[60,31],"tags":[],"class_list":{"0":"post-314973","1":"post","2":"type-post","3":"status-publish","4":"format-standard","6":"category-titulares-del-dia","7":"category-estados-unidos"},"_links":{"self":[{"href":"https:\/\/primermomento.com\/index.php?rest_route=\/wp\/v2\/posts\/314973","targetHints":{"allow":["GET"]}}],"collection":[{"href":"https:\/\/primermomento.com\/index.php?rest_route=\/wp\/v2\/posts"}],"about":[{"href":"https:\/\/primermomento.com\/index.php?rest_route=\/wp\/v2\/types\/post"}],"author":[{"embeddable":true,"href":"https:\/\/primermomento.com\/index.php?rest_route=\/wp\/v2\/users\/1"}],"replies":[{"embeddable":true,"href":"https:\/\/primermomento.com\/index.php?rest_route=%2Fwp%2Fv2%2Fcomments&post=314973"}],"version-history":[{"count":1,"href":"https:\/\/primermomento.com\/index.php?rest_route=\/wp\/v2\/posts\/314973\/revisions"}],"predecessor-version":[{"id":314974,"href":"https:\/\/primermomento.com\/index.php?rest_route=\/wp\/v2\/posts\/314973\/revisions\/314974"}],"wp:attachment":[{"href":"https:\/\/primermomento.com\/index.php?rest_route=%2Fwp%2Fv2%2Fmedia&parent=314973"}],"wp:term":[{"taxonomy":"category","embeddable":true,"href":"https:\/\/primermomento.com\/index.php?rest_route=%2Fwp%2Fv2%2Fcategories&post=314973"},{"taxonomy":"post_tag","embeddable":true,"href":"https:\/\/primermomento.com\/index.php?rest_route=%2Fwp%2Fv2%2Ftags&post=314973"}],"curies":[{"name":"wp","href":"https:\/\/api.w.org\/{rel}","templated":true}]}}