{"id":314983,"date":"2019-02-09T08:06:08","date_gmt":"2019-02-09T12:06:08","guid":{"rendered":"http:\/\/primermomento.com\/?p=314983"},"modified":"2019-02-09T08:06:10","modified_gmt":"2019-02-09T12:06:10","slug":"hospitales-del-pais-tendran-energia-renovable-en-sus-instalaciones","status":"publish","type":"post","link":"https:\/\/primermomento.com\/?p=314983","title":{"rendered":"Hospitales del pa\u00eds tendr\u00e1n energ\u00eda renovable en sus instalaciones"},"content":{"rendered":"\n<p> SANTO DOMINGO, Rep\u00fablica Dominicana.- Un acuerdo firmado entre los  ministerios de Econom\u00eda, Planificaci\u00f3n y Desarrollo, y el de Relaciones  Exteriores, permitir\u00e1 proveer de energ\u00eda renovable a varios hospitales  dominicanos con el apoyo de los Emiratos \u00c1rabes Unidos.                         <br>                          <\/p>\n\n\n\n<figure class=\"wp-block-image\"><img loading=\"lazy\" decoding=\"async\" width=\"748\" height=\"498\" src=\"http:\/\/primermomento.com\/wp-content\/uploads\/2019\/02\/00eRenovable.jpg\" alt=\"\" class=\"wp-image-314984\" srcset=\"https:\/\/primermomento.com\/wp-content\/uploads\/2019\/02\/00eRenovable.jpg 748w, https:\/\/primermomento.com\/wp-content\/uploads\/2019\/02\/00eRenovable-300x200.jpg 300w, https:\/\/primermomento.com\/wp-content\/uploads\/2019\/02\/00eRenovable-73x50.jpg 73w, https:\/\/primermomento.com\/wp-content\/uploads\/2019\/02\/00eRenovable-500x333.jpg 500w, https:\/\/primermomento.com\/wp-content\/uploads\/2019\/02\/00eRenovable-280x186.jpg 280w, https:\/\/primermomento.com\/wp-content\/uploads\/2019\/02\/00eRenovable-60x40.jpg 60w, https:\/\/primermomento.com\/wp-content\/uploads\/2019\/02\/00eRenovable-638x425.jpg 638w, https:\/\/primermomento.com\/wp-content\/uploads\/2019\/02\/00eRenovable-118x79.jpg 118w, https:\/\/primermomento.com\/wp-content\/uploads\/2019\/02\/00eRenovable-479x319.jpg 479w\" sizes=\"auto, (max-width: 748px) 100vw, 748px\" \/><\/figure>\n\n\n\n<p>El mencionado convenio fue firmado en la sede del Ministerio de  Relaciones Exteriores por el canciller, Miguel Vargas, y el titular de  Econom\u00eda, Isidoro Santana.<\/p>\n\n\n\n<p> Durante la firma del documento, \nSantana explic\u00f3 que se instalar\u00e1n soluciones de energ\u00edas renovables en \nlos hospitales Reynaldo Alm\u00e1nzar y pedi\u00e1trico Hugo Mendoza, los cuales \nintegran el Sistema Nacional de Salud, trabajos a realizar por la \ncompa\u00f1\u00eda emirat\u00ed de Energ\u00eda Masdar.<\/p>\n\n\n\n<p> &#8216;Es de especial inter\u00e9s para\n la Rep\u00fablica Dominicana promover la realizaci\u00f3n de iniciativas \nconjuntas dentro de este \u00e1mbito, en particular a trav\u00e9s de este \nproyecto, el cual respalda los objetivos de la Estrategia Nacional de \nDesarrollo sobre Energ\u00eda confiable, eficiente y ambientalmente \nsostenible&#8217;, agreg\u00f3 el ministro.<\/p>\n\n\n\n<p> Por su parte, Vargas precis\u00f3  que se trata de un proyecto significativo y destac\u00f3 las acciones que  desarrolla la embajada dominicana en los Emiratos \u00c1rabes, que ayudaron a  la concertaci\u00f3n del acuerdo. <\/p>\n\n\n\n<p style=\"text-align:right\">PL<\/p>\n","protected":false},"excerpt":{"rendered":"<p>SANTO DOMINGO, Rep\u00fablica Dominicana.- Un acuerdo firmado entre los ministerios de Econom\u00eda, Planificaci\u00f3n y Desarrollo, y el de Relaciones Exteriores, permitir\u00e1 proveer de energ\u00eda renovable a varios hospitales dominicanos con el apoyo de los Emiratos \u00c1rabes Unidos. El mencionado convenio fue firmado en la sede del Ministerio de Relaciones Exteriores por el canciller, Miguel Vargas, [&hellip;]<\/p>\n","protected":false},"author":1,"featured_media":0,"comment_status":"open","ping_status":"open","sticky":false,"template":"","format":"standard","meta":{"_bbp_topic_count":0,"_bbp_reply_count":0,"_bbp_total_topic_count":0,"_bbp_total_reply_count":0,"_bbp_voice_count":0,"_bbp_anonymous_reply_count":0,"_bbp_topic_count_hidden":0,"_bbp_reply_count_hidden":0,"_bbp_forum_subforum_count":0,"footnotes":""},"categories":[60,32],"tags":[],"class_list":{"0":"post-314983","1":"post","2":"type-post","3":"status-publish","4":"format-standard","6":"category-titulares-del-dia","7":"category-lo-ultimo"},"_links":{"self":[{"href":"https:\/\/primermomento.com\/index.php?rest_route=\/wp\/v2\/posts\/314983","targetHints":{"allow":["GET"]}}],"collection":[{"href":"https:\/\/primermomento.com\/index.php?rest_route=\/wp\/v2\/posts"}],"about":[{"href":"https:\/\/primermomento.com\/index.php?rest_route=\/wp\/v2\/types\/post"}],"author":[{"embeddable":true,"href":"https:\/\/primermomento.com\/index.php?rest_route=\/wp\/v2\/users\/1"}],"replies":[{"embeddable":true,"href":"https:\/\/primermomento.com\/index.php?rest_route=%2Fwp%2Fv2%2Fcomments&post=314983"}],"version-history":[{"count":1,"href":"https:\/\/primermomento.com\/index.php?rest_route=\/wp\/v2\/posts\/314983\/revisions"}],"predecessor-version":[{"id":314985,"href":"https:\/\/primermomento.com\/index.php?rest_route=\/wp\/v2\/posts\/314983\/revisions\/314985"}],"wp:attachment":[{"href":"https:\/\/primermomento.com\/index.php?rest_route=%2Fwp%2Fv2%2Fmedia&parent=314983"}],"wp:term":[{"taxonomy":"category","embeddable":true,"href":"https:\/\/primermomento.com\/index.php?rest_route=%2Fwp%2Fv2%2Fcategories&post=314983"},{"taxonomy":"post_tag","embeddable":true,"href":"https:\/\/primermomento.com\/index.php?rest_route=%2Fwp%2Fv2%2Ftags&post=314983"}],"curies":[{"name":"wp","href":"https:\/\/api.w.org\/{rel}","templated":true}]}}