{"id":314986,"date":"2019-02-09T08:08:29","date_gmt":"2019-02-09T12:08:29","guid":{"rendered":"http:\/\/primermomento.com\/?p=314986"},"modified":"2019-02-09T08:08:30","modified_gmt":"2019-02-09T12:08:30","slug":"acuerdan-utilizar-el-voto-electronico-en-primarias","status":"publish","type":"post","link":"https:\/\/primermomento.com\/?p=314986","title":{"rendered":"Acuerdan utilizar el voto electr\u00f3nico en primarias"},"content":{"rendered":"\n<p>  SANTO DOMINGO, Rep\u00fablica Dominicana.- La Junta Central Electoral y los  partidos pol\u00edticos dominicanos que decidieron acogerse al m\u00e9todo de  primarias para elegir a sus candidatos a las elecciones de 2020,  acordaron utilizar el voto electr\u00f3nico en ellas.                         <br>                          <\/p>\n\n\n\n<figure class=\"wp-block-image\"><img loading=\"lazy\" decoding=\"async\" width=\"748\" height=\"498\" src=\"http:\/\/primermomento.com\/wp-content\/uploads\/2019\/02\/00eVotoElectronico.jpg\" alt=\"\" class=\"wp-image-314987\" srcset=\"https:\/\/primermomento.com\/wp-content\/uploads\/2019\/02\/00eVotoElectronico.jpg 748w, https:\/\/primermomento.com\/wp-content\/uploads\/2019\/02\/00eVotoElectronico-300x200.jpg 300w, https:\/\/primermomento.com\/wp-content\/uploads\/2019\/02\/00eVotoElectronico-73x50.jpg 73w, https:\/\/primermomento.com\/wp-content\/uploads\/2019\/02\/00eVotoElectronico-500x333.jpg 500w, https:\/\/primermomento.com\/wp-content\/uploads\/2019\/02\/00eVotoElectronico-280x186.jpg 280w, https:\/\/primermomento.com\/wp-content\/uploads\/2019\/02\/00eVotoElectronico-60x40.jpg 60w, https:\/\/primermomento.com\/wp-content\/uploads\/2019\/02\/00eVotoElectronico-638x425.jpg 638w, https:\/\/primermomento.com\/wp-content\/uploads\/2019\/02\/00eVotoElectronico-118x79.jpg 118w, https:\/\/primermomento.com\/wp-content\/uploads\/2019\/02\/00eVotoElectronico-479x319.jpg 479w\" sizes=\"auto, (max-width: 748px) 100vw, 748px\" \/><\/figure>\n\n\n\n<p>Durante el Pleno de la Junta efectuado este viernes, se logr\u00f3 firmar un  documento que refrenda la decisi\u00f3n luego de cuatro reuniones de trabajo y  de valorar las observaciones de los representantes de las  organizaciones.<\/p>\n\n\n\n<p> El documento recoge los consensos alcanzados \nentre los que se encuentran llevar a cabo una auditor\u00eda al software \nsobre el funcionamiento del modelo, as\u00ed como sendas auditor\u00edas de \ncomprobaci\u00f3n del kit y de las urnas de votaci\u00f3n luego del proceso de \nescrutinio.<\/p>\n\n\n\n<p> En el pleno se convoc\u00f3 a los partidos de la \nLiberaci\u00f3n Dominicana, Revolucionario Moderno, Revolucionario \nDominicano, Alianza Pa\u00eds y Opci\u00f3n Democr\u00e1tica para el pr\u00f3ximo lunes a \nlos fines de analizar el tema del presupuesto para las primarias y lo \nregulado en la Ley de Partidos Pol\u00edticos.<\/p>\n\n\n\n<p> La Junta se pronunci\u00f3  hace apenas horas por pasar al estado el mayor por ciento de los costos  de las elecciones primarias del 6 de octubre y eso trajo una lluvia de  cuestionamientos teniendo en cuenta que eso contradice lo establecido en  las normas. <\/p>\n\n\n\n<p style=\"text-align:right\">PL<\/p>\n","protected":false},"excerpt":{"rendered":"<p>SANTO DOMINGO, Rep\u00fablica Dominicana.- La Junta Central Electoral y los partidos pol\u00edticos dominicanos que decidieron acogerse al m\u00e9todo de primarias para elegir a sus candidatos a las elecciones de 2020, acordaron utilizar el voto electr\u00f3nico en ellas. Durante el Pleno de la Junta efectuado este viernes, se logr\u00f3 firmar un documento que refrenda la decisi\u00f3n [&hellip;]<\/p>\n","protected":false},"author":1,"featured_media":0,"comment_status":"open","ping_status":"open","sticky":false,"template":"","format":"standard","meta":{"_bbp_topic_count":0,"_bbp_reply_count":0,"_bbp_total_topic_count":0,"_bbp_total_reply_count":0,"_bbp_voice_count":0,"_bbp_anonymous_reply_count":0,"_bbp_topic_count_hidden":0,"_bbp_reply_count_hidden":0,"_bbp_forum_subforum_count":0,"footnotes":""},"categories":[30,60],"tags":[],"class_list":{"0":"post-314986","1":"post","2":"type-post","3":"status-publish","4":"format-standard","6":"category-actualidad","7":"category-titulares-del-dia"},"_links":{"self":[{"href":"https:\/\/primermomento.com\/index.php?rest_route=\/wp\/v2\/posts\/314986","targetHints":{"allow":["GET"]}}],"collection":[{"href":"https:\/\/primermomento.com\/index.php?rest_route=\/wp\/v2\/posts"}],"about":[{"href":"https:\/\/primermomento.com\/index.php?rest_route=\/wp\/v2\/types\/post"}],"author":[{"embeddable":true,"href":"https:\/\/primermomento.com\/index.php?rest_route=\/wp\/v2\/users\/1"}],"replies":[{"embeddable":true,"href":"https:\/\/primermomento.com\/index.php?rest_route=%2Fwp%2Fv2%2Fcomments&post=314986"}],"version-history":[{"count":1,"href":"https:\/\/primermomento.com\/index.php?rest_route=\/wp\/v2\/posts\/314986\/revisions"}],"predecessor-version":[{"id":314988,"href":"https:\/\/primermomento.com\/index.php?rest_route=\/wp\/v2\/posts\/314986\/revisions\/314988"}],"wp:attachment":[{"href":"https:\/\/primermomento.com\/index.php?rest_route=%2Fwp%2Fv2%2Fmedia&parent=314986"}],"wp:term":[{"taxonomy":"category","embeddable":true,"href":"https:\/\/primermomento.com\/index.php?rest_route=%2Fwp%2Fv2%2Fcategories&post=314986"},{"taxonomy":"post_tag","embeddable":true,"href":"https:\/\/primermomento.com\/index.php?rest_route=%2Fwp%2Fv2%2Ftags&post=314986"}],"curies":[{"name":"wp","href":"https:\/\/api.w.org\/{rel}","templated":true}]}}