{"id":314996,"date":"2019-02-09T14:38:09","date_gmt":"2019-02-09T18:38:09","guid":{"rendered":"http:\/\/primermomento.com\/?p=314996"},"modified":"2019-02-09T14:38:52","modified_gmt":"2019-02-09T18:38:52","slug":"bani-convocan-marcha-contra-delincuencia","status":"publish","type":"post","link":"https:\/\/primermomento.com\/?p=314996","title":{"rendered":"BAN\u00cd | Convocan marcha contra delincuencia y criminalidad"},"content":{"rendered":"\n<p> BAN\u00cd, Rep\u00fablica Dominicana.- El senador y la gobernadora de esta provincia, Wilton Guerrero y Nelly Melo de Guerrero, respectivamente, junto a organizaciones comunitarias, encabezar\u00e1n una marcha-caravana por varias calles de esta ciudad, en repudio a la delincuencia y la criminalidad, dos males que han afectado a los ciudadanos de esta demarcaci\u00f3n geogr\u00e1fica de este pa\u00eds.<\/p>\n\n\n\n<figure class=\"wp-block-image\"><img loading=\"lazy\" decoding=\"async\" width=\"634\" height=\"476\" src=\"http:\/\/primermomento.com\/wp-content\/uploads\/2019\/02\/Wilton-Guerrero-en-reunion-en-la-Policia.jpg\" alt=\"\" class=\"wp-image-314934\" srcset=\"https:\/\/primermomento.com\/wp-content\/uploads\/2019\/02\/Wilton-Guerrero-en-reunion-en-la-Policia.jpg 634w, https:\/\/primermomento.com\/wp-content\/uploads\/2019\/02\/Wilton-Guerrero-en-reunion-en-la-Policia-300x225.jpg 300w, https:\/\/primermomento.com\/wp-content\/uploads\/2019\/02\/Wilton-Guerrero-en-reunion-en-la-Policia-120x90.jpg 120w, https:\/\/primermomento.com\/wp-content\/uploads\/2019\/02\/Wilton-Guerrero-en-reunion-en-la-Policia-500x375.jpg 500w, https:\/\/primermomento.com\/wp-content\/uploads\/2019\/02\/Wilton-Guerrero-en-reunion-en-la-Policia-280x210.jpg 280w, https:\/\/primermomento.com\/wp-content\/uploads\/2019\/02\/Wilton-Guerrero-en-reunion-en-la-Policia-118x89.jpg 118w, https:\/\/primermomento.com\/wp-content\/uploads\/2019\/02\/Wilton-Guerrero-en-reunion-en-la-Policia-479x360.jpg 479w\" sizes=\"auto, (max-width: 634px) 100vw, 634px\" \/><figcaption>Wilton Guerrero, durante el encuentro pasado en la sede de la Direcci\u00f3n Regional Sur Central de la Polic\u00eda Nacional.<\/figcaption><\/figure>\n\n\n\n<p>El pasado mi\u00e9rcoles, el legislador oficialista, la representante del poder ejecutivo, y el nuevo director de la Regional Sur Central de la Polic\u00eda Nacional, general Eduardo Then, hicieron una convocatoria en la c\u00e1rcel p\u00fablica de Ban\u00ed, en homenaje al coronel Daniel Ramos Alvarez, ultimado a tiros en un punto de drogas en el sector Santa Cruz, en la parte norte de la ciudad.<\/p>\n\n\n\n<p>El encuentro tambi\u00e9n manifest\u00f3 el apoyo al nuevo jefe policial, quien declar\u00f3 ah\u00ed que combatir\u00e1, sin tregua, la delincuencia y el microtr\u00e1fico en el municipio de Ban\u00ed y en la provincia Peravia.<\/p>\n\n\n\n<p>Para este domingo a las 4 de la tarde, en la avenida Fabio Herrera, frente al Colegio Nuestra Se\u00f1ora de F\u00e1tima, los organizadores de la convocatoria estiman reunir a miles de ciudadanos para decir No a la criminalidad.<\/p>\n\n\n\n<p style=\"text-align:right\">Primer Momento<\/p>\n","protected":false},"excerpt":{"rendered":"<p>BAN\u00cd, Rep\u00fablica Dominicana.- El senador y la gobernadora de esta provincia, Wilton Guerrero y Nelly Melo de Guerrero, respectivamente, junto a organizaciones comunitarias, encabezar\u00e1n una marcha-caravana por varias calles de esta ciudad, en repudio a la delincuencia y la criminalidad, dos males que han afectado a los ciudadanos de esta demarcaci\u00f3n geogr\u00e1fica de este pa\u00eds. [&hellip;]<\/p>\n","protected":false},"author":1,"featured_media":0,"comment_status":"open","ping_status":"open","sticky":false,"template":"","format":"standard","meta":{"_bbp_topic_count":0,"_bbp_reply_count":0,"_bbp_total_topic_count":0,"_bbp_total_reply_count":0,"_bbp_voice_count":0,"_bbp_anonymous_reply_count":0,"_bbp_topic_count_hidden":0,"_bbp_reply_count_hidden":0,"_bbp_forum_subforum_count":0,"footnotes":""},"categories":[30,60],"tags":[],"class_list":{"0":"post-314996","1":"post","2":"type-post","3":"status-publish","4":"format-standard","6":"category-actualidad","7":"category-titulares-del-dia"},"_links":{"self":[{"href":"https:\/\/primermomento.com\/index.php?rest_route=\/wp\/v2\/posts\/314996","targetHints":{"allow":["GET"]}}],"collection":[{"href":"https:\/\/primermomento.com\/index.php?rest_route=\/wp\/v2\/posts"}],"about":[{"href":"https:\/\/primermomento.com\/index.php?rest_route=\/wp\/v2\/types\/post"}],"author":[{"embeddable":true,"href":"https:\/\/primermomento.com\/index.php?rest_route=\/wp\/v2\/users\/1"}],"replies":[{"embeddable":true,"href":"https:\/\/primermomento.com\/index.php?rest_route=%2Fwp%2Fv2%2Fcomments&post=314996"}],"version-history":[{"count":2,"href":"https:\/\/primermomento.com\/index.php?rest_route=\/wp\/v2\/posts\/314996\/revisions"}],"predecessor-version":[{"id":314998,"href":"https:\/\/primermomento.com\/index.php?rest_route=\/wp\/v2\/posts\/314996\/revisions\/314998"}],"wp:attachment":[{"href":"https:\/\/primermomento.com\/index.php?rest_route=%2Fwp%2Fv2%2Fmedia&parent=314996"}],"wp:term":[{"taxonomy":"category","embeddable":true,"href":"https:\/\/primermomento.com\/index.php?rest_route=%2Fwp%2Fv2%2Fcategories&post=314996"},{"taxonomy":"post_tag","embeddable":true,"href":"https:\/\/primermomento.com\/index.php?rest_route=%2Fwp%2Fv2%2Ftags&post=314996"}],"curies":[{"name":"wp","href":"https:\/\/api.w.org\/{rel}","templated":true}]}}