{"id":315005,"date":"2019-02-13T10:00:59","date_gmt":"2019-02-13T14:00:59","guid":{"rendered":"http:\/\/primermomento.com\/?p=315005"},"modified":"2019-02-13T10:01:00","modified_gmt":"2019-02-13T14:01:00","slug":"policia-detiene-hispanos-con-20-mil-pastillas-de-fentanyl","status":"publish","type":"post","link":"https:\/\/primermomento.com\/?p=315005","title":{"rendered":"Polic\u00eda detiene hispanos con 20 mil pastillas de Fentanyl"},"content":{"rendered":"\n<p>NUEVA YORK, Nueva York.- Autoridades policiales conjuntamente con agentes de la DEA apresaron el pasado fin de semana en esta ciudad a los hispanos Andr\u00e9s Reyes Mart\u00ednez, Jes\u00fas Garc\u00eda, David Espinal y V\u00edctor Alm\u00e1nzar C\u00e1rdenas por presuntamente ser los propietarios de 20 mil pastillas de Fentanyl.<\/p>\n\n\n\n<figure class=\"wp-block-image\"><img loading=\"lazy\" decoding=\"async\" width=\"706\" height=\"395\" src=\"http:\/\/primermomento.com\/wp-content\/uploads\/2019\/02\/Polic\u00eda-NY-detienen-hispanos-con-20-mil-pastillas-Fentanyl.jpg\" alt=\"\" class=\"wp-image-315006\" srcset=\"https:\/\/primermomento.com\/wp-content\/uploads\/2019\/02\/Polic\u00eda-NY-detienen-hispanos-con-20-mil-pastillas-Fentanyl.jpg 706w, https:\/\/primermomento.com\/wp-content\/uploads\/2019\/02\/Polic\u00eda-NY-detienen-hispanos-con-20-mil-pastillas-Fentanyl-300x168.jpg 300w, https:\/\/primermomento.com\/wp-content\/uploads\/2019\/02\/Polic\u00eda-NY-detienen-hispanos-con-20-mil-pastillas-Fentanyl-216x120.jpg 216w, https:\/\/primermomento.com\/wp-content\/uploads\/2019\/02\/Polic\u00eda-NY-detienen-hispanos-con-20-mil-pastillas-Fentanyl-500x280.jpg 500w, https:\/\/primermomento.com\/wp-content\/uploads\/2019\/02\/Polic\u00eda-NY-detienen-hispanos-con-20-mil-pastillas-Fentanyl-280x157.jpg 280w, https:\/\/primermomento.com\/wp-content\/uploads\/2019\/02\/Polic\u00eda-NY-detienen-hispanos-con-20-mil-pastillas-Fentanyl-638x357.jpg 638w, https:\/\/primermomento.com\/wp-content\/uploads\/2019\/02\/Polic\u00eda-NY-detienen-hispanos-con-20-mil-pastillas-Fentanyl-118x66.jpg 118w, https:\/\/primermomento.com\/wp-content\/uploads\/2019\/02\/Polic\u00eda-NY-detienen-hispanos-con-20-mil-pastillas-Fentanyl-479x268.jpg 479w\" sizes=\"auto, (max-width: 706px) 100vw, 706px\" \/><\/figure>\n\n\n\n<p>Reyes\nMart\u00ednez y Garc\u00eda fueron arrestados en una tienda de tel\u00e9fonos celulares\nubicada en Fordham Rd, ocup\u00e1ndosele 14 mil pastillas. Mientras que las\nrestantes seis mil fueron ocupadas a Espinal y Alm\u00e1nzar C\u00e1rdenas en un \u201ctaxi\nlivery\u201d que era vigilado, en el lado Este de Manhattan.<\/p>\n\n\n\n<p>La nacionalidad de los detenidos no fue dada a conocer por las autoridades, quienes impusieron cargos criminales de posesi\u00f3n de sustancias controladas y dijeron que el valor de la droga en el mercado callejero es de\u00a0$600 mil d\u00f3lares, equivalente a unos 30 millones de pesos dominicanos.<\/p>\n\n\n\n<p>\u00a0El Fentanyl es considerado\u00a0100 veces m\u00e1s fuerte que la hero\u00edna y la morfina.<\/p>\n\n\n\n<p>El 52% de las muertes por\u00a0sobredosis entre latinos de la Gran Manzana\u00a0se debe al abuso de la potente y peligrosa droga, seg\u00fan el\u00a0Departamento de Salud de la Ciudad\u00a0(DOHMH).<\/p>\n\n\n\n<p>En la\u00a0Gran Manzana la\u00a0situaci\u00f3n es tan preocupante que las autoridades se refieren a ella como una epidemia.<\/p>\n\n\n\n<p>En el 2016, el Departamento de Salud precis\u00f3 en\u00a01,268\u00a0los fallecimientos por sobredosis. Esto representa m\u00e1s muertes que los fallecimientos por homicidios y accidentes de tr\u00e1nsito combinados.<\/p>\n\n\n\n<p>La cantidad de\u00a0378de esas muertes\u00a0ocurrieron entre latinos; el\u00a079%de\u00a0ellos\u00a0fueron hombres.<\/p>\n\n\n\n<p>De esos,\u00a0143 resid\u00edan\u00a0en El Bronx, convirti\u00e9ndolo en el condado con mayor fallecimiento por sobredosis.\u00a0Seguido de\u00a072 latinos\u00a0 en Manhattan;\u00a056\u00a0en Queens;\u00a057\u00a0en Brooklyn, y\u00a010en Staten Island.<\/p>\n\n\n\n<p style=\"text-align:right\">Ram\u00f3n Mercedes<\/p>\n","protected":false},"excerpt":{"rendered":"<p>NUEVA YORK, Nueva York.- Autoridades policiales conjuntamente con agentes de la DEA apresaron el pasado fin de semana en esta ciudad a los hispanos Andr\u00e9s Reyes Mart\u00ednez, Jes\u00fas Garc\u00eda, David Espinal y V\u00edctor Alm\u00e1nzar C\u00e1rdenas por presuntamente ser los propietarios de 20 mil pastillas de Fentanyl. Reyes Mart\u00ednez y Garc\u00eda fueron arrestados en una tienda [&hellip;]<\/p>\n","protected":false},"author":1,"featured_media":0,"comment_status":"open","ping_status":"open","sticky":false,"template":"","format":"standard","meta":{"_bbp_topic_count":0,"_bbp_reply_count":0,"_bbp_total_topic_count":0,"_bbp_total_reply_count":0,"_bbp_voice_count":0,"_bbp_anonymous_reply_count":0,"_bbp_topic_count_hidden":0,"_bbp_reply_count_hidden":0,"_bbp_forum_subforum_count":0,"footnotes":""},"categories":[60,32],"tags":[],"class_list":{"0":"post-315005","1":"post","2":"type-post","3":"status-publish","4":"format-standard","6":"category-titulares-del-dia","7":"category-lo-ultimo"},"_links":{"self":[{"href":"https:\/\/primermomento.com\/index.php?rest_route=\/wp\/v2\/posts\/315005","targetHints":{"allow":["GET"]}}],"collection":[{"href":"https:\/\/primermomento.com\/index.php?rest_route=\/wp\/v2\/posts"}],"about":[{"href":"https:\/\/primermomento.com\/index.php?rest_route=\/wp\/v2\/types\/post"}],"author":[{"embeddable":true,"href":"https:\/\/primermomento.com\/index.php?rest_route=\/wp\/v2\/users\/1"}],"replies":[{"embeddable":true,"href":"https:\/\/primermomento.com\/index.php?rest_route=%2Fwp%2Fv2%2Fcomments&post=315005"}],"version-history":[{"count":1,"href":"https:\/\/primermomento.com\/index.php?rest_route=\/wp\/v2\/posts\/315005\/revisions"}],"predecessor-version":[{"id":315007,"href":"https:\/\/primermomento.com\/index.php?rest_route=\/wp\/v2\/posts\/315005\/revisions\/315007"}],"wp:attachment":[{"href":"https:\/\/primermomento.com\/index.php?rest_route=%2Fwp%2Fv2%2Fmedia&parent=315005"}],"wp:term":[{"taxonomy":"category","embeddable":true,"href":"https:\/\/primermomento.com\/index.php?rest_route=%2Fwp%2Fv2%2Fcategories&post=315005"},{"taxonomy":"post_tag","embeddable":true,"href":"https:\/\/primermomento.com\/index.php?rest_route=%2Fwp%2Fv2%2Ftags&post=315005"}],"curies":[{"name":"wp","href":"https:\/\/api.w.org\/{rel}","templated":true}]}}