{"id":315011,"date":"2019-02-13T16:37:14","date_gmt":"2019-02-13T20:37:14","guid":{"rendered":"http:\/\/primermomento.com\/?p=315011"},"modified":"2019-02-13T16:37:16","modified_gmt":"2019-02-13T20:37:16","slug":"trump-descontento-con-acuerdo-no-preve-otro-cierre-de-gobierno","status":"publish","type":"post","link":"https:\/\/primermomento.com\/?p=315011","title":{"rendered":"Trump descontento con acuerdo; no prev\u00e9 otro cierre de Gobierno"},"content":{"rendered":"\n<p>WASHINGTON, Distrito de Columbia.- El presidente Donald Trump dijo que no est\u00e1 satisfecho con el acuerdo  alcanzado por los legisladores para la construcci\u00f3n de nuevas barreras a  lo largo de la frontera entre Estados Unidos y M\u00e9xico, pero que no  prev\u00e9 otro cierre parcial del gobierno por la disputa.<\/p>\n\n\n\n<figure class=\"wp-block-image\"><img loading=\"lazy\" decoding=\"async\" width=\"1023\" height=\"575\" src=\"http:\/\/primermomento.com\/wp-content\/uploads\/2019\/02\/trump-y-acuerdo.jpg\" alt=\"\" class=\"wp-image-315012\" srcset=\"https:\/\/primermomento.com\/wp-content\/uploads\/2019\/02\/trump-y-acuerdo.jpg 1023w, https:\/\/primermomento.com\/wp-content\/uploads\/2019\/02\/trump-y-acuerdo-300x169.jpg 300w, https:\/\/primermomento.com\/wp-content\/uploads\/2019\/02\/trump-y-acuerdo-768x432.jpg 768w, https:\/\/primermomento.com\/wp-content\/uploads\/2019\/02\/trump-y-acuerdo-478x270.jpg 478w, https:\/\/primermomento.com\/wp-content\/uploads\/2019\/02\/trump-y-acuerdo-216x120.jpg 216w, https:\/\/primermomento.com\/wp-content\/uploads\/2019\/02\/trump-y-acuerdo-500x281.jpg 500w, https:\/\/primermomento.com\/wp-content\/uploads\/2019\/02\/trump-y-acuerdo-280x157.jpg 280w, https:\/\/primermomento.com\/wp-content\/uploads\/2019\/02\/trump-y-acuerdo-638x359.jpg 638w, https:\/\/primermomento.com\/wp-content\/uploads\/2019\/02\/trump-y-acuerdo-118x66.jpg 118w, https:\/\/primermomento.com\/wp-content\/uploads\/2019\/02\/trump-y-acuerdo-479x269.jpg 479w\" sizes=\"auto, (max-width: 1023px) 100vw, 1023px\" \/><figcaption> <br>El presidente Donald Trump no  descart\u00f3 la posibilidad de declarar una emergencia nacional tras no  recibir del Congreso los fondos solicitados para la construcci\u00f3n del  muro, seg\u00fan detalles divulgados sobre el acuerdo. <\/figcaption><\/figure>\n\n\n\n<p>Hablando con los miembros de su gabinete el martes, Trump sugiri\u00f3 que  podr\u00eda firmar una legislaci\u00f3n que incluya 1.375 millones de d\u00f3lares  para construir 88 kil\u00f3metros de cercas nuevas en la frontera,  aproximadamente una cuarta parte de los 5.700 millones de d\u00f3lares que  quer\u00eda para un muro.<\/p>\n\n\n\n<p> El mandatario estadounidense indic\u00f3 que no cree que haya otro cierre \nde gobierno, y que de llegar a eso, ser\u00eda culpa de los dem\u00f3cratas. <\/p>\n\n\n\n<p>\u00abEstoy extremadamente descontento con lo que los dem\u00f3cratas nos han \ndado. Es triste. No le est\u00e1n haciendo ning\u00fan favor al pa\u00eds. Est\u00e1n \nperjudicando mucho a nuestro pa\u00eds. Pero ciertamente no queremos ver un \ncierre. Pero ustedes escuchar\u00e1n bastante pronto. La conclusi\u00f3n est\u00e1 en \nel muro. Estamos construyendo el muro y estamos usando otros m\u00e9todos \nadem\u00e1s de esto, y adem\u00e1s tenemos muchas cosas en marcha. Tenemos mucho \ndinero en este pa\u00eds. Y estamos usando parte de ese dinero, un peque\u00f1o \nporcentaje de ese dinero para construir el muro que necesitamos \ndesesperadamente\u00bb. <\/p>\n\n\n\n<p>Si Trump firma la legislaci\u00f3n bipartidista, obtendr\u00e1 una parte del \ndinero para el muro fronterizo que ha prometido, y cientos de miles de \ntrabajadores del gobierno no tendr\u00e1n que preocuparse por otro cierre \ngubernamental porque el gobierno ser\u00e1 financiado.<\/p>\n\n\n\n<p>Mientras tanto, un partidario de Trump, el senador republicano \nLindsey Graham, de Carolina del Sur, dijo que no ve\u00eda c\u00f3mo Trump pod\u00eda \napoyar el compromiso porque cortar\u00eda miles de camas disponibles para \ninmigrantes indocumentados en centros de detenci\u00f3n.<\/p>\n\n\n\n<p>Pero el senador dem\u00f3crata Chris Van Hollen, de Maryland, advirti\u00f3 que  si Trump firma la legislaci\u00f3n y luego intenta desviar otros fondos para  construir el muro \u00abeso ser\u00eda un grave abuso del proceso y muy  posiblemente ilegal\u00bb.<\/p>\n\n\n\n<p style=\"text-align:right\">VOANEWS<\/p>\n","protected":false},"excerpt":{"rendered":"<p>WASHINGTON, Distrito de Columbia.- El presidente Donald Trump dijo que no est\u00e1 satisfecho con el acuerdo alcanzado por los legisladores para la construcci\u00f3n de nuevas barreras a lo largo de la frontera entre Estados Unidos y M\u00e9xico, pero que no prev\u00e9 otro cierre parcial del gobierno por la disputa. Hablando con los miembros de su [&hellip;]<\/p>\n","protected":false},"author":1,"featured_media":0,"comment_status":"open","ping_status":"open","sticky":false,"template":"","format":"standard","meta":{"_bbp_topic_count":0,"_bbp_reply_count":0,"_bbp_total_topic_count":0,"_bbp_total_reply_count":0,"_bbp_voice_count":0,"_bbp_anonymous_reply_count":0,"_bbp_topic_count_hidden":0,"_bbp_reply_count_hidden":0,"_bbp_forum_subforum_count":0,"footnotes":""},"categories":[60,31],"tags":[],"class_list":{"0":"post-315011","1":"post","2":"type-post","3":"status-publish","4":"format-standard","6":"category-titulares-del-dia","7":"category-estados-unidos"},"_links":{"self":[{"href":"https:\/\/primermomento.com\/index.php?rest_route=\/wp\/v2\/posts\/315011","targetHints":{"allow":["GET"]}}],"collection":[{"href":"https:\/\/primermomento.com\/index.php?rest_route=\/wp\/v2\/posts"}],"about":[{"href":"https:\/\/primermomento.com\/index.php?rest_route=\/wp\/v2\/types\/post"}],"author":[{"embeddable":true,"href":"https:\/\/primermomento.com\/index.php?rest_route=\/wp\/v2\/users\/1"}],"replies":[{"embeddable":true,"href":"https:\/\/primermomento.com\/index.php?rest_route=%2Fwp%2Fv2%2Fcomments&post=315011"}],"version-history":[{"count":1,"href":"https:\/\/primermomento.com\/index.php?rest_route=\/wp\/v2\/posts\/315011\/revisions"}],"predecessor-version":[{"id":315013,"href":"https:\/\/primermomento.com\/index.php?rest_route=\/wp\/v2\/posts\/315011\/revisions\/315013"}],"wp:attachment":[{"href":"https:\/\/primermomento.com\/index.php?rest_route=%2Fwp%2Fv2%2Fmedia&parent=315011"}],"wp:term":[{"taxonomy":"category","embeddable":true,"href":"https:\/\/primermomento.com\/index.php?rest_route=%2Fwp%2Fv2%2Fcategories&post=315011"},{"taxonomy":"post_tag","embeddable":true,"href":"https:\/\/primermomento.com\/index.php?rest_route=%2Fwp%2Fv2%2Ftags&post=315011"}],"curies":[{"name":"wp","href":"https:\/\/api.w.org\/{rel}","templated":true}]}}