{"id":315014,"date":"2019-02-13T16:41:13","date_gmt":"2019-02-13T20:41:13","guid":{"rendered":"http:\/\/primermomento.com\/?p=315014"},"modified":"2019-02-13T16:41:15","modified_gmt":"2019-02-13T20:41:15","slug":"gobierno-de-haiti-convoca-a-ministros-y-oposicion-a-protestas","status":"publish","type":"post","link":"https:\/\/primermomento.com\/?p=315014","title":{"rendered":"Gobierno de Hait\u00ed convoca a ministros y oposici\u00f3n a protestas"},"content":{"rendered":"\n<p> PUERTO PRINCIPE, Hait\u00ed.- El jefe de Gobierno de Hait\u00ed, Jean Henry  C\u00e9ant, convoc\u00f3 para hoy a un Consejo de Ministros, mientras la oposici\u00f3n  llam\u00f3 a las calles en una nueva jornada de protestas.                         <br>                          <\/p>\n\n\n\n<figure class=\"wp-block-image\"><img loading=\"lazy\" decoding=\"async\" width=\"748\" height=\"498\" src=\"http:\/\/primermomento.com\/wp-content\/uploads\/2019\/02\/haiti-protestas1.jpg\" alt=\"\" class=\"wp-image-315015\" srcset=\"https:\/\/primermomento.com\/wp-content\/uploads\/2019\/02\/haiti-protestas1.jpg 748w, https:\/\/primermomento.com\/wp-content\/uploads\/2019\/02\/haiti-protestas1-300x200.jpg 300w, https:\/\/primermomento.com\/wp-content\/uploads\/2019\/02\/haiti-protestas1-73x50.jpg 73w, https:\/\/primermomento.com\/wp-content\/uploads\/2019\/02\/haiti-protestas1-500x333.jpg 500w, https:\/\/primermomento.com\/wp-content\/uploads\/2019\/02\/haiti-protestas1-280x186.jpg 280w, https:\/\/primermomento.com\/wp-content\/uploads\/2019\/02\/haiti-protestas1-60x40.jpg 60w, https:\/\/primermomento.com\/wp-content\/uploads\/2019\/02\/haiti-protestas1-638x425.jpg 638w, https:\/\/primermomento.com\/wp-content\/uploads\/2019\/02\/haiti-protestas1-118x79.jpg 118w, https:\/\/primermomento.com\/wp-content\/uploads\/2019\/02\/haiti-protestas1-479x319.jpg 479w\" sizes=\"auto, (max-width: 748px) 100vw, 748px\" \/><\/figure>\n\n\n\n<p>La reuni\u00f3n gubernamental, anunciada por el secretario de Estado para la  Comunicaci\u00f3n, Eddy Jackson Alexis, debe analizar los pr\u00f3ximos pasos del  ejecutivo, en medio de las manifestaciones que desde el pasado jueves  tienen lugar en todo el pa\u00eds.<\/p>\n\n\n\n<p> Mientras tanto, los sectores \nradicales llamaron hoy a una nueva movilizaci\u00f3n, en 10 puntos de la \ncapital, que ser\u00e1n lideradas por los representantes de partidos \npol\u00edticos contrarios al Gobierno.<\/p>\n\n\n\n<p> En Puerto Pr\u00edncipe, contin\u00faan \ndetenidas las principales actividades, y solo unos pocos transportadores\n p\u00fablicos, grandes establecimientos comerciales, estaciones de gasolina y\n sucursales bancarias prestan servicios.<\/p>\n\n\n\n<p> Por su parte, las \nescuelas, administraci\u00f3n p\u00fablica, instituciones y mercado informal, del \ncual se abastece casi el 80 por ciento de la poblaci\u00f3n, trabaja a cuenta\n gotas, en una de las mayores crisis sociopol\u00edticas desde la llegada al \npoder del presidente Jovenel Moise.<\/p>\n\n\n\n<p> Tambi\u00e9n se reportan \nbarricadas, escenas de asalto y saqueo a negocios, inseguridad y escasez\n de servicios b\u00e1sicos como la electricidad y el agua. Ya a inicios de \nsemana la direcci\u00f3n general de Agua y Saneamiento anunciaba afectaci\u00f3n \nen el servicio y la Empresa El\u00e9ctrica, en crisis desde hace varias \njornadas, ofrec\u00eda disculpas a los suscriptores por el suministro.<\/p>\n\n\n\n<p>\n Aunque el Gobierno ha negado el Bloqueo del Pa\u00eds, como llama la \noposici\u00f3n a estos siete d\u00edas de movilizaciones, el descontento popular \ncrece y contin\u00faan demandando medidas urgentes para disminuir el precio \nde los productos b\u00e1sicos.<\/p>\n\n\n\n<p> Tambi\u00e9n exigen la renuncia del  mandatario Jovenel Moise y justicia en el caso de malversaci\u00f3n de fondos  del programa energ\u00e9tico Petrocaribe, que deb\u00eda atender la grave  situaci\u00f3n de Hait\u00ed en infraestructura, salud, educaci\u00f3n y energ\u00eda.<\/p>\n\n\n\n<p style=\"text-align:right\">PL<br><\/p>\n","protected":false},"excerpt":{"rendered":"<p>PUERTO PRINCIPE, Hait\u00ed.- El jefe de Gobierno de Hait\u00ed, Jean Henry C\u00e9ant, convoc\u00f3 para hoy a un Consejo de Ministros, mientras la oposici\u00f3n llam\u00f3 a las calles en una nueva jornada de protestas. La reuni\u00f3n gubernamental, anunciada por el secretario de Estado para la Comunicaci\u00f3n, Eddy Jackson Alexis, debe analizar los pr\u00f3ximos pasos del ejecutivo, [&hellip;]<\/p>\n","protected":false},"author":1,"featured_media":0,"comment_status":"open","ping_status":"open","sticky":false,"template":"","format":"standard","meta":{"_bbp_topic_count":0,"_bbp_reply_count":0,"_bbp_total_topic_count":0,"_bbp_total_reply_count":0,"_bbp_voice_count":0,"_bbp_anonymous_reply_count":0,"_bbp_topic_count_hidden":0,"_bbp_reply_count_hidden":0,"_bbp_forum_subforum_count":0,"footnotes":""},"categories":[60,61],"tags":[],"class_list":{"0":"post-315014","1":"post","2":"type-post","3":"status-publish","4":"format-standard","6":"category-titulares-del-dia","7":"category-mundo"},"_links":{"self":[{"href":"https:\/\/primermomento.com\/index.php?rest_route=\/wp\/v2\/posts\/315014","targetHints":{"allow":["GET"]}}],"collection":[{"href":"https:\/\/primermomento.com\/index.php?rest_route=\/wp\/v2\/posts"}],"about":[{"href":"https:\/\/primermomento.com\/index.php?rest_route=\/wp\/v2\/types\/post"}],"author":[{"embeddable":true,"href":"https:\/\/primermomento.com\/index.php?rest_route=\/wp\/v2\/users\/1"}],"replies":[{"embeddable":true,"href":"https:\/\/primermomento.com\/index.php?rest_route=%2Fwp%2Fv2%2Fcomments&post=315014"}],"version-history":[{"count":1,"href":"https:\/\/primermomento.com\/index.php?rest_route=\/wp\/v2\/posts\/315014\/revisions"}],"predecessor-version":[{"id":315016,"href":"https:\/\/primermomento.com\/index.php?rest_route=\/wp\/v2\/posts\/315014\/revisions\/315016"}],"wp:attachment":[{"href":"https:\/\/primermomento.com\/index.php?rest_route=%2Fwp%2Fv2%2Fmedia&parent=315014"}],"wp:term":[{"taxonomy":"category","embeddable":true,"href":"https:\/\/primermomento.com\/index.php?rest_route=%2Fwp%2Fv2%2Fcategories&post=315014"},{"taxonomy":"post_tag","embeddable":true,"href":"https:\/\/primermomento.com\/index.php?rest_route=%2Fwp%2Fv2%2Ftags&post=315014"}],"curies":[{"name":"wp","href":"https:\/\/api.w.org\/{rel}","templated":true}]}}