{"id":315023,"date":"2019-02-13T07:49:39","date_gmt":"2019-02-13T11:49:39","guid":{"rendered":"http:\/\/primermomento.com\/?p=315023"},"modified":"2019-02-13T16:52:18","modified_gmt":"2019-02-13T20:52:18","slug":"advierten-sobre-fortaleza-de-huracan-del-mediterraneo-en-fin-de-siglo","status":"publish","type":"post","link":"https:\/\/primermomento.com\/?p=315023","title":{"rendered":"Advierten sobre fortaleza de hurac\u00e1n del Mediterr\u00e1neo en fin de siglo"},"content":{"rendered":"\n<p> WASHINGTON, Distrito de Columbia.- Los huracanes en el mar Mediterr\u00e1neo  podr\u00edan afectar a la regi\u00f3n con un poder cada vez mayor a fines del  siglo XXI, al aumentar su fortaleza en la categor\u00eda uno, anuncia hoy la  revista Geophysical Research Letters.                         <br>                          <\/p>\n\n\n\n<figure class=\"wp-block-image\"><img loading=\"lazy\" decoding=\"async\" width=\"748\" height=\"498\" src=\"http:\/\/primermomento.com\/wp-content\/uploads\/2019\/02\/00eHuracanMediterraneo2.jpg\" alt=\"\" class=\"wp-image-315024\" srcset=\"https:\/\/primermomento.com\/wp-content\/uploads\/2019\/02\/00eHuracanMediterraneo2.jpg 748w, https:\/\/primermomento.com\/wp-content\/uploads\/2019\/02\/00eHuracanMediterraneo2-300x200.jpg 300w, https:\/\/primermomento.com\/wp-content\/uploads\/2019\/02\/00eHuracanMediterraneo2-73x50.jpg 73w, https:\/\/primermomento.com\/wp-content\/uploads\/2019\/02\/00eHuracanMediterraneo2-500x333.jpg 500w, https:\/\/primermomento.com\/wp-content\/uploads\/2019\/02\/00eHuracanMediterraneo2-280x186.jpg 280w, https:\/\/primermomento.com\/wp-content\/uploads\/2019\/02\/00eHuracanMediterraneo2-60x40.jpg 60w, https:\/\/primermomento.com\/wp-content\/uploads\/2019\/02\/00eHuracanMediterraneo2-638x425.jpg 638w, https:\/\/primermomento.com\/wp-content\/uploads\/2019\/02\/00eHuracanMediterraneo2-118x79.jpg 118w, https:\/\/primermomento.com\/wp-content\/uploads\/2019\/02\/00eHuracanMediterraneo2-479x319.jpg 479w\" sizes=\"auto, (max-width: 748px) 100vw, 748px\" \/><\/figure>\n\n\n\n<p>El nuevo estudio asegura que los ciclones mediterr\u00e1neos de tipo  tropical, conocidos como medicanes, desarrollar\u00e1n una estructura m\u00e1s  robusta de hurac\u00e1n, con mayor duraci\u00f3n, vientos m\u00e1s altos y lluvia  intensa en el futuro, a pesar de la predicci\u00f3n de que ser\u00e1n menos  frecuentes con el paso del tiempo.<\/p>\n\n\n\n<p> De acuerdo con los \ninvestigadores, el cambio en las tormentas comenzar\u00e1 a surgir a finales \nde siglo, desde 2081 hasta 2100 y las m\u00e1s fuertes aparecer\u00e1n en oto\u00f1o.<\/p>\n\n\n\n<p>\n Los especialistas explican que los medicanes surgen en el Mediterr\u00e1neo \ncuando un cicl\u00f3n extratropical incursiona en la cuenca del mar y se \ntransforma en una tormenta m\u00e1s similar a un cicl\u00f3n tropical, con una \nestructura sim\u00e9trica y nubes convectivas que giran alrededor de un \nn\u00facleo c\u00e1lido y un centro similar a un ojo.<\/p>\n\n\n\n<p> Actualmente los \nmedicanes de intensidad de depresi\u00f3n tropical o m\u00e1s fuertes ocurren unas\n pocas veces al a\u00f1o, pero rara vez alcanzan la fuerza de un hurac\u00e1n de \ncategor\u00eda uno, mientras que las depresiones tropicales tienen una \nvelocidad m\u00e1xima de viento de 63 kil\u00f3metros por hora.<\/p>\n\n\n\n<p> Otros \nestudios han pronosticado un aumento en la intensidad de las tormentas \nen el Mediterr\u00e1neo con el cambio clim\u00e1tico, pero el nuevo es el primero \nen utilizar un m\u00e9todo acoplado global que combina modelos atmosf\u00e9ricos y\n de circulaci\u00f3n oce\u00e1nica, pues aborda los \u00edndices de intensidad de \nprecipitaci\u00f3n, tropicalidad y disipaci\u00f3n de potencia de tormentas \nfuturas.<\/p>\n\n\n\n<p> Seg\u00fan el autor principal, Juan Gonz\u00e1lez, la \ntropicalidad es un indicador de c\u00f3mo se comporta la estructura de \ntormenta del hurac\u00e1n y la disipaci\u00f3n de poder describe su potencial de \ndestrucci\u00f3n.<\/p>\n\n\n\n<p> A su juicio, el nuevo estudio predice que la \ntropicalidad y la disipaci\u00f3n de energ\u00eda aumentar\u00e1n en magnitud en el \npr\u00f3ximo siglo. El modelo no pudo descartar la posibilidad de que las \ntormentas alcancen la fuerza de la categor\u00eda dos, aunque el hallazgo \nprincipal es para tormentas fuertes de la categor\u00eda uno.<\/p>\n\n\n\n<p> Una  tormenta tropical se convierte en un hurac\u00e1n de categor\u00eda uno cuando los  vientos sostenidos superan los 119 kil\u00f3metros por hora y una categor\u00eda  dos a 154 kil\u00f3metros por hora. <\/p>\n\n\n\n<p style=\"text-align:right\">PL<\/p>\n","protected":false},"excerpt":{"rendered":"<p>WASHINGTON, Distrito de Columbia.- Los huracanes en el mar Mediterr\u00e1neo podr\u00edan afectar a la regi\u00f3n con un poder cada vez mayor a fines del siglo XXI, al aumentar su fortaleza en la categor\u00eda uno, anuncia hoy la revista Geophysical Research Letters. El nuevo estudio asegura que los ciclones mediterr\u00e1neos de tipo tropical, conocidos como medicanes, [&hellip;]<\/p>\n","protected":false},"author":1,"featured_media":0,"comment_status":"open","ping_status":"open","sticky":false,"template":"","format":"standard","meta":{"_bbp_topic_count":0,"_bbp_reply_count":0,"_bbp_total_topic_count":0,"_bbp_total_reply_count":0,"_bbp_voice_count":0,"_bbp_anonymous_reply_count":0,"_bbp_topic_count_hidden":0,"_bbp_reply_count_hidden":0,"_bbp_forum_subforum_count":0,"footnotes":""},"categories":[37,60],"tags":[],"class_list":{"0":"post-315023","1":"post","2":"type-post","3":"status-publish","4":"format-standard","6":"category-ciencia-tecnologia","7":"category-titulares-del-dia"},"_links":{"self":[{"href":"https:\/\/primermomento.com\/index.php?rest_route=\/wp\/v2\/posts\/315023","targetHints":{"allow":["GET"]}}],"collection":[{"href":"https:\/\/primermomento.com\/index.php?rest_route=\/wp\/v2\/posts"}],"about":[{"href":"https:\/\/primermomento.com\/index.php?rest_route=\/wp\/v2\/types\/post"}],"author":[{"embeddable":true,"href":"https:\/\/primermomento.com\/index.php?rest_route=\/wp\/v2\/users\/1"}],"replies":[{"embeddable":true,"href":"https:\/\/primermomento.com\/index.php?rest_route=%2Fwp%2Fv2%2Fcomments&post=315023"}],"version-history":[{"count":1,"href":"https:\/\/primermomento.com\/index.php?rest_route=\/wp\/v2\/posts\/315023\/revisions"}],"predecessor-version":[{"id":315025,"href":"https:\/\/primermomento.com\/index.php?rest_route=\/wp\/v2\/posts\/315023\/revisions\/315025"}],"wp:attachment":[{"href":"https:\/\/primermomento.com\/index.php?rest_route=%2Fwp%2Fv2%2Fmedia&parent=315023"}],"wp:term":[{"taxonomy":"category","embeddable":true,"href":"https:\/\/primermomento.com\/index.php?rest_route=%2Fwp%2Fv2%2Fcategories&post=315023"},{"taxonomy":"post_tag","embeddable":true,"href":"https:\/\/primermomento.com\/index.php?rest_route=%2Fwp%2Fv2%2Ftags&post=315023"}],"curies":[{"name":"wp","href":"https:\/\/api.w.org\/{rel}","templated":true}]}}