{"id":315026,"date":"2019-02-13T08:52:31","date_gmt":"2019-02-13T12:52:31","guid":{"rendered":"http:\/\/primermomento.com\/?p=315026"},"modified":"2019-02-13T16:58:30","modified_gmt":"2019-02-13T20:58:30","slug":"gente-de-zona-nominado-a-los-premios-billboard-de-la-musica-latina2","status":"publish","type":"post","link":"https:\/\/primermomento.com\/?p=315026","title":{"rendered":"Gente de Zona nominado a los premios Billboard de la M\u00fasica Latina2"},"content":{"rendered":"\n<p> LOS \u00c1NGELES, California.- El d\u00fao  cubano Gente de Zona figura hoy entre los nominados a los premios  Billboard de la M\u00fasica Latina, ceremonia fijada para el 25 de abril en  Las Vegas.                         <br>                          <\/p>\n\n\n\n<figure class=\"wp-block-image\"><img loading=\"lazy\" decoding=\"async\" width=\"748\" height=\"498\" src=\"http:\/\/primermomento.com\/wp-content\/uploads\/2019\/02\/00e_gente-zona-premios-alfo.jpg\" alt=\"\" class=\"wp-image-315028\" srcset=\"https:\/\/primermomento.com\/wp-content\/uploads\/2019\/02\/00e_gente-zona-premios-alfo.jpg 748w, https:\/\/primermomento.com\/wp-content\/uploads\/2019\/02\/00e_gente-zona-premios-alfo-300x200.jpg 300w, https:\/\/primermomento.com\/wp-content\/uploads\/2019\/02\/00e_gente-zona-premios-alfo-73x50.jpg 73w, https:\/\/primermomento.com\/wp-content\/uploads\/2019\/02\/00e_gente-zona-premios-alfo-500x333.jpg 500w, https:\/\/primermomento.com\/wp-content\/uploads\/2019\/02\/00e_gente-zona-premios-alfo-280x186.jpg 280w, https:\/\/primermomento.com\/wp-content\/uploads\/2019\/02\/00e_gente-zona-premios-alfo-60x40.jpg 60w, https:\/\/primermomento.com\/wp-content\/uploads\/2019\/02\/00e_gente-zona-premios-alfo-638x425.jpg 638w, https:\/\/primermomento.com\/wp-content\/uploads\/2019\/02\/00e_gente-zona-premios-alfo-118x79.jpg 118w, https:\/\/primermomento.com\/wp-content\/uploads\/2019\/02\/00e_gente-zona-premios-alfo-479x319.jpg 479w\" sizes=\"auto, (max-width: 748px) 100vw, 748px\" \/><\/figure>\n\n\n\n<p>Seg\u00fan dio a conocer la revista especializada Billboard el binomio  integrado por Alexander Delgado y Randy Malcom, compiten por el galard\u00f3n  en la categor\u00eda Artista tropical del a\u00f1o, d\u00fao o grupo, junto a Aventura  y la agrupaci\u00f3n colombiana La Sonora Dinamita.<\/p>\n\n\n\n<p> En la edici\u00f3n 21\n de los lauros parte como favorito el puertorrique\u00f1o Ozuna con 23 \nnominaciones en 15 categor\u00edas, un r\u00e9cord en la historia de los \ngalardones, seguido del colombiano J Balvin y Nicky Jam con trece cada \nuno, Bad Bunny con 12, y su coterr\u00e1neo Daddy Yankee con ocho.<\/p>\n\n\n\n<p> \nOtros aspirantes al premio son Enrique Iglesias, Shakira, Sebasti\u00e1n \nYatra, Carlos Vives, Romeo Santos, Marc Anthony, Victor Manuelle y el \ngrupo Man\u00e1.<\/p>\n\n\n\n<p> Los premios reconocen los \u00e1lbumes, canciones e \nint\u00e9rpretes m\u00e1s populares en la m\u00fasica latina y los ganadores salen \ndirectamente de las listas de ventas, streaming y radio que recopila \nBillboard todas las semanas durante un a\u00f1o.<\/p>\n\n\n\n<p> Tambi\u00e9n incluyen los  galardones denominados Esp\u00edritu de la Esperanza, Sal\u00f3n de la Fama y  Trayectoria Art\u00edstica, cuyos ganadores de este a\u00f1o a\u00fan no han sido  anunciados. <\/p>\n\n\n\n<p style=\"text-align:right\">PL<\/p>\n","protected":false},"excerpt":{"rendered":"<p>LOS \u00c1NGELES, California.- El d\u00fao cubano Gente de Zona figura hoy entre los nominados a los premios Billboard de la M\u00fasica Latina, ceremonia fijada para el 25 de abril en Las Vegas. Seg\u00fan dio a conocer la revista especializada Billboard el binomio integrado por Alexander Delgado y Randy Malcom, compiten por el galard\u00f3n en la [&hellip;]<\/p>\n","protected":false},"author":1,"featured_media":0,"comment_status":"open","ping_status":"open","sticky":false,"template":"","format":"standard","meta":{"_bbp_topic_count":0,"_bbp_reply_count":0,"_bbp_total_topic_count":0,"_bbp_total_reply_count":0,"_bbp_voice_count":0,"_bbp_anonymous_reply_count":0,"_bbp_topic_count_hidden":0,"_bbp_reply_count_hidden":0,"_bbp_forum_subforum_count":0,"footnotes":""},"categories":[39,60],"tags":[],"class_list":{"0":"post-315026","1":"post","2":"type-post","3":"status-publish","4":"format-standard","6":"category-entretenimiento","7":"category-titulares-del-dia"},"_links":{"self":[{"href":"https:\/\/primermomento.com\/index.php?rest_route=\/wp\/v2\/posts\/315026","targetHints":{"allow":["GET"]}}],"collection":[{"href":"https:\/\/primermomento.com\/index.php?rest_route=\/wp\/v2\/posts"}],"about":[{"href":"https:\/\/primermomento.com\/index.php?rest_route=\/wp\/v2\/types\/post"}],"author":[{"embeddable":true,"href":"https:\/\/primermomento.com\/index.php?rest_route=\/wp\/v2\/users\/1"}],"replies":[{"embeddable":true,"href":"https:\/\/primermomento.com\/index.php?rest_route=%2Fwp%2Fv2%2Fcomments&post=315026"}],"version-history":[{"count":1,"href":"https:\/\/primermomento.com\/index.php?rest_route=\/wp\/v2\/posts\/315026\/revisions"}],"predecessor-version":[{"id":315029,"href":"https:\/\/primermomento.com\/index.php?rest_route=\/wp\/v2\/posts\/315026\/revisions\/315029"}],"wp:attachment":[{"href":"https:\/\/primermomento.com\/index.php?rest_route=%2Fwp%2Fv2%2Fmedia&parent=315026"}],"wp:term":[{"taxonomy":"category","embeddable":true,"href":"https:\/\/primermomento.com\/index.php?rest_route=%2Fwp%2Fv2%2Fcategories&post=315026"},{"taxonomy":"post_tag","embeddable":true,"href":"https:\/\/primermomento.com\/index.php?rest_route=%2Fwp%2Fv2%2Ftags&post=315026"}],"curies":[{"name":"wp","href":"https:\/\/api.w.org\/{rel}","templated":true}]}}