{"id":315038,"date":"2019-02-13T04:13:55","date_gmt":"2019-02-13T08:13:55","guid":{"rendered":"http:\/\/primermomento.com\/?p=315038"},"modified":"2019-02-13T17:21:39","modified_gmt":"2019-02-13T21:21:39","slug":"los-aleteos-de-las-familias-peledeistas","status":"publish","type":"post","link":"https:\/\/primermomento.com\/?p=315038","title":{"rendered":"Los aleteos de las familias peledeistas"},"content":{"rendered":"\n<p>El PLD, como colectividad pol\u00edtica, se ha configurado y crecido desde el poder, al cual lleg\u00f3 de manera fortuita de la mano del balaguerismo, corriente pol\u00edtica surgida como expresi\u00f3n pol\u00edtica de importantes remanentes ideol\u00f3gicos del trujillismo, que despu\u00e9s del golpe de estado del 63 y la insurrecci\u00f3n del 65 se amalgam\u00f3 con el sector olig\u00e1rquico tradicional formando el neoconservadurismo dominicano.  En el camino, han arreglado ese fardo y el resultado ha sido una forma de poder m\u00e1s compleja y perversa que las que por separado ejercieron el viejo sector olig\u00e1rquico y el reformismo. Esa complejidad se refleja en los aleteos que dan sus dos principales familias, la danilista y la leonelista, en su enfrentamiento por la candidatura presidencial del PLD para las elecciones del 2020, que exacerban  la crisis del sistema.<\/p>\n\n\n\n<div class=\"wp-block-image\"><figure class=\"alignleft\"><img loading=\"lazy\" decoding=\"async\" width=\"200\" height=\"133\" src=\"http:\/\/primermomento.com\/wp-content\/uploads\/2016\/08\/Cesar-Perez-e1544643175836.jpg\" alt=\"\" class=\"wp-image-280305\"\/><\/figure><\/div>\n\n\n\n<p>En tal sentido, los principales problemas por los que atraviesa este sistema, y que lo lastran, est\u00e1n atravesados por la crisis interna del PLD. En sentido general, la aprobaci\u00f3n precipitada de la Ley de Partidos con elementos claramente inconstitucionales, luego de 20 a\u00f1os de discusi\u00f3n en torna a esta, se hizo bajo la presi\u00f3n del danilismo, urgido de la necesidad de tener campo abierto para hacer pasar las primarias abiertas, como en efecto logr\u00f3. Igualmente, la Ley Electoral a punto de ser promulgada con su inicuo \u201carrastre\u201d de los senadores a los diputados, as\u00ed como las aberraciones que se cometieron y se cometen en el proceso de selecci\u00f3n de los jueces de la Suprema Corte de Justicia, en \u00faltima instancia, se enmarcan en el contexto de la guerrita Leonel\/Danilo.<\/p>\n\n\n\n<p>Entre otros factores, esa guerrita, subvierte toda posibilidad de institucionalizar este pa\u00eds, cada facci\u00f3n quiere imponer sus jueces, y as\u00ed como Danilo impuso Su Congreso, ahora sus seguidores\/empresarios, altos dirigentes de ese partido, buscan comprar los congresistas no danilistas para imponer una nueva repostulaci\u00f3n de este. De los encuentros y desencuentros de esas facciones en torno a esos procesos surgen mostrencos acuerdos, como la pretensi\u00f3n\/imposici\u00f3n de que el Estado financie las primarias a los partidos, ilegal pretensi\u00f3n que de materializarse beneficiar\u00eda b\u00e1sicamente al PLD. La guerrita entre leonelistas y danilistas provoca una vor\u00e1gine que exacerba la cultura de la corrupci\u00f3n en sus diversas expresiones.<\/p>\n\n\n\n<p>Mediante escaramuzas por la senadur\u00eda de San Juan entre dos altos exponentes del danilismo y del leonellismo, promueven el envilecimiento de diversos sectores sociales y de la pol\u00edtica misma a trav\u00e9s del ofrecimiento y reparto indigno de d\u00e1divas, y llegan hasta la pretensi\u00f3n de que se cercene esa provincia, elevando a esa categor\u00eda al municipio de Las Matas, otra expresi\u00f3n de la aberrante pr\u00e1ctica de dividir el territorio para complacer las apetencias de grupos locales, una pr\u00e1ctica que encarece la pol\u00edtica al tiempo de prostituirla. Se ha creado un clima que impide la discusi\u00f3n de importantes temas pol\u00edticos, obligando a diversos sectores opositores a emplear su tiempo en la lucha contra las inequidades que limitan su participaci\u00f3n electoral.<\/p>\n\n\n\n<p>En los casos de las leyes de Partido y Electoral, el PRM ha incurrido en deslices que dificultan el di\u00e1logo en el espectro opositor. Esas leyes contienen algunos alcances que lesionan derechos de participaci\u00f3n y formulaci\u00f3n de alianzas en los procesos electorales, con limitaciones a libertad de opini\u00f3n entre otros elementos discutibles y que han sido extensamente denunciados por diversos partidos minoritarios a los cuales el PRM debe mostrar una necesaria sensibilidad y atenci\u00f3n para enmendar dichos deslices. S\u00f3lo de ese modo podr\u00eda dar se\u00f1ales de que quiere eliminar todo tipo de obst\u00e1culos para que se logre una amplia articulaci\u00f3n de fuerzas para derrotar el continuismo de la corrupci\u00f3n y la impunidad.  No solamente est\u00e1 obligado a enmendarlos, sino tambi\u00e9n de alejarse de los efectos del aleteo del peledeismo de manera resuelta.<\/p>\n\n\n\n<p>La situaci\u00f3n pol\u00edtica se torna en extremo compleja, es necesario que los partidos de la oposici\u00f3n eviten que siga avanzando el inexorable tiempo del calendario electoral sin la definici\u00f3n de cuestiones cruciales, como lo es la necesidad de presentaci\u00f3n de candidaturas comunes en los niveles congresuales y municipales, sustray\u00e9ndose de las tentaciones de presentar candidatura a diversos puestos claramente inalcanzables en la presente coyuntura, cuya nefasta consecuencia es el enfrentamiento de candidatos de las diversas franjas de la oposici\u00f3n que se obstruir\u00edan entre s\u00ed. Es posible que, parad\u00f3jicamente, en el presente proceso electoral se estar\u00eda repitiendo de manera m\u00e1s acentuada experiencias negativas de otros procesos.<\/p>\n\n\n\n<p>Parecer\u00eda que no hemos sido capaces de calibrar el sentimiento unitario que se expresaba en Marcha Verde y lejos de entender el significado de ese sentimiento algunos se aprestan a transitar caminos que no conducen a ninguna parte. Esto, desafortunadamente son tambi\u00e9n manifestaciones malignas de los aleteos de las familias pelede\u00edsta. Como dirigentes no hemos sido capaces de sustraernos de los vientos que producen esos aleteos\u2026.    <\/p>\n\n\n\n<p style=\"text-align:right\">C\u00e9sar P\u00e9rez<br> <em>Soci\u00f3logo y profesor universitario<\/em><\/p>\n","protected":false},"excerpt":{"rendered":"<p>El PLD, como colectividad pol\u00edtica, se ha configurado y crecido desde el poder, al cual lleg\u00f3 de manera fortuita de la mano del balaguerismo, corriente pol\u00edtica surgida como expresi\u00f3n pol\u00edtica de importantes remanentes ideol\u00f3gicos del trujillismo, que despu\u00e9s del golpe de estado del 63 y la insurrecci\u00f3n del 65 se amalgam\u00f3 con el sector olig\u00e1rquico [&hellip;]<\/p>\n","protected":false},"author":1,"featured_media":0,"comment_status":"open","ping_status":"open","sticky":false,"template":"","format":"standard","meta":{"_bbp_topic_count":0,"_bbp_reply_count":0,"_bbp_total_topic_count":0,"_bbp_total_reply_count":0,"_bbp_voice_count":0,"_bbp_anonymous_reply_count":0,"_bbp_topic_count_hidden":0,"_bbp_reply_count_hidden":0,"_bbp_forum_subforum_count":0,"footnotes":""},"categories":[33],"tags":[],"class_list":{"0":"post-315038","1":"post","2":"type-post","3":"status-publish","4":"format-standard","6":"category-opinion"},"_links":{"self":[{"href":"https:\/\/primermomento.com\/index.php?rest_route=\/wp\/v2\/posts\/315038","targetHints":{"allow":["GET"]}}],"collection":[{"href":"https:\/\/primermomento.com\/index.php?rest_route=\/wp\/v2\/posts"}],"about":[{"href":"https:\/\/primermomento.com\/index.php?rest_route=\/wp\/v2\/types\/post"}],"author":[{"embeddable":true,"href":"https:\/\/primermomento.com\/index.php?rest_route=\/wp\/v2\/users\/1"}],"replies":[{"embeddable":true,"href":"https:\/\/primermomento.com\/index.php?rest_route=%2Fwp%2Fv2%2Fcomments&post=315038"}],"version-history":[{"count":1,"href":"https:\/\/primermomento.com\/index.php?rest_route=\/wp\/v2\/posts\/315038\/revisions"}],"predecessor-version":[{"id":315039,"href":"https:\/\/primermomento.com\/index.php?rest_route=\/wp\/v2\/posts\/315038\/revisions\/315039"}],"wp:attachment":[{"href":"https:\/\/primermomento.com\/index.php?rest_route=%2Fwp%2Fv2%2Fmedia&parent=315038"}],"wp:term":[{"taxonomy":"category","embeddable":true,"href":"https:\/\/primermomento.com\/index.php?rest_route=%2Fwp%2Fv2%2Fcategories&post=315038"},{"taxonomy":"post_tag","embeddable":true,"href":"https:\/\/primermomento.com\/index.php?rest_route=%2Fwp%2Fv2%2Ftags&post=315038"}],"curies":[{"name":"wp","href":"https:\/\/api.w.org\/{rel}","templated":true}]}}