{"id":315058,"date":"2019-02-14T14:36:26","date_gmt":"2019-02-14T18:36:26","guid":{"rendered":"http:\/\/primermomento.com\/?p=315058"},"modified":"2019-02-14T14:36:28","modified_gmt":"2019-02-14T18:36:28","slug":"lopez-obrador-insta-a-fiscalia-abrir-informacion-de-caso-odebrecht","status":"publish","type":"post","link":"https:\/\/primermomento.com\/?p=315058","title":{"rendered":"L\u00f3pez Obrador insta a Fiscal\u00eda abrir informaci\u00f3n de caso Odebrecht"},"content":{"rendered":"\n<p> CIUDAD DE MEXICO, M\u00e9xico.- El presidente de  M\u00e9xico, Andr\u00e9s Manuel L\u00f3pez Obrador, exhort\u00f3 hoy a la Fiscal\u00eda a  informar aspectos sobre el caso Odebrecht que est\u00e1 en reserva.                         <br>                          <\/p>\n\n\n\n<figure class=\"wp-block-image\"><img loading=\"lazy\" decoding=\"async\" width=\"748\" height=\"498\" src=\"http:\/\/primermomento.com\/wp-content\/uploads\/2019\/02\/Obrador2.jpg\" alt=\"\" class=\"wp-image-315059\" srcset=\"https:\/\/primermomento.com\/wp-content\/uploads\/2019\/02\/Obrador2.jpg 748w, https:\/\/primermomento.com\/wp-content\/uploads\/2019\/02\/Obrador2-300x200.jpg 300w, https:\/\/primermomento.com\/wp-content\/uploads\/2019\/02\/Obrador2-73x50.jpg 73w, https:\/\/primermomento.com\/wp-content\/uploads\/2019\/02\/Obrador2-500x333.jpg 500w, https:\/\/primermomento.com\/wp-content\/uploads\/2019\/02\/Obrador2-280x186.jpg 280w, https:\/\/primermomento.com\/wp-content\/uploads\/2019\/02\/Obrador2-60x40.jpg 60w, https:\/\/primermomento.com\/wp-content\/uploads\/2019\/02\/Obrador2-638x425.jpg 638w, https:\/\/primermomento.com\/wp-content\/uploads\/2019\/02\/Obrador2-118x79.jpg 118w, https:\/\/primermomento.com\/wp-content\/uploads\/2019\/02\/Obrador2-479x319.jpg 479w\" sizes=\"auto, (max-width: 748px) 100vw, 748px\" \/><\/figure>\n\n\n\n<p>Anunci\u00f3 que est\u00e1 por salir un decreto para abrir los expedientes de la  antigua Polic\u00eda Federal e iniciar un proceso de transparencia total en  esos temas de corrupci\u00f3n.<\/p>\n\n\n\n<p> Opin\u00f3 que hay hasta que pensar en \nmodificar la ley porque la transparencia en los casos procesados ayuda \nmucho en el combate contra la corrupci\u00f3n, y frente al abuso de \nautoridad. Estamos ya por dar a conocer ese decreto para abrir los \nexpedientes de la antigua polic\u00eda federal, insisti\u00f3.<\/p>\n\n\n\n<p> Critic\u00f3 la \nforma de actuar del archivo general de la naci\u00f3n que ten\u00eda un mecanismmo\n de reserva informativa de mucha vigilancia, tanta que incluso no pod\u00eda \nentrar ni el director de la entidad a esa secci\u00f3n reservada. Ah\u00ed est\u00e1 el\n caso Odebrecht.<\/p>\n\n\n\n<p> Explic\u00f3 que cada dependencia est\u00e1 independiente\n de la direcci\u00f3n general de seguridad desde hace a\u00f1os. Pero ya han \ncambiado las cosas, ya no existe ese mecanismo que era un centro de \nespionaje pol\u00edtico que no ten\u00eda que ver con la seguridad nacional.<\/p>\n\n\n\n<p>\n En otro de los variados temas que trat\u00f3 hoy, respondi\u00f3 a una pregunta \nsobre la nueva central sindical que se cre\u00f3 y que agrupa a numerosos \nsindicatos, la cual no tiene nada que ver con el gobierno.<\/p>\n\n\n\n<p>  Reiter\u00f3 que el cambio en esta materia es que no hay sindicatos  promovidos por el gobierno, protegidos por el ejecutivo, tampoco  dirigentes aliados a la administraci\u00f3n p\u00fablica, pues tiene que haber  democracia y que elijan libremente a sus representantes. <\/p>\n\n\n\n<p style=\"text-align:right\">PL<\/p>\n","protected":false},"excerpt":{"rendered":"<p>CIUDAD DE MEXICO, M\u00e9xico.- El presidente de M\u00e9xico, Andr\u00e9s Manuel L\u00f3pez Obrador, exhort\u00f3 hoy a la Fiscal\u00eda a informar aspectos sobre el caso Odebrecht que est\u00e1 en reserva. Anunci\u00f3 que est\u00e1 por salir un decreto para abrir los expedientes de la antigua Polic\u00eda Federal e iniciar un proceso de transparencia total en esos temas de [&hellip;]<\/p>\n","protected":false},"author":1,"featured_media":0,"comment_status":"open","ping_status":"open","sticky":false,"template":"","format":"standard","meta":{"_bbp_topic_count":0,"_bbp_reply_count":0,"_bbp_total_topic_count":0,"_bbp_total_reply_count":0,"_bbp_voice_count":0,"_bbp_anonymous_reply_count":0,"_bbp_topic_count_hidden":0,"_bbp_reply_count_hidden":0,"_bbp_forum_subforum_count":0,"footnotes":""},"categories":[60,31],"tags":[],"class_list":{"0":"post-315058","1":"post","2":"type-post","3":"status-publish","4":"format-standard","6":"category-titulares-del-dia","7":"category-estados-unidos"},"_links":{"self":[{"href":"https:\/\/primermomento.com\/index.php?rest_route=\/wp\/v2\/posts\/315058","targetHints":{"allow":["GET"]}}],"collection":[{"href":"https:\/\/primermomento.com\/index.php?rest_route=\/wp\/v2\/posts"}],"about":[{"href":"https:\/\/primermomento.com\/index.php?rest_route=\/wp\/v2\/types\/post"}],"author":[{"embeddable":true,"href":"https:\/\/primermomento.com\/index.php?rest_route=\/wp\/v2\/users\/1"}],"replies":[{"embeddable":true,"href":"https:\/\/primermomento.com\/index.php?rest_route=%2Fwp%2Fv2%2Fcomments&post=315058"}],"version-history":[{"count":1,"href":"https:\/\/primermomento.com\/index.php?rest_route=\/wp\/v2\/posts\/315058\/revisions"}],"predecessor-version":[{"id":315060,"href":"https:\/\/primermomento.com\/index.php?rest_route=\/wp\/v2\/posts\/315058\/revisions\/315060"}],"wp:attachment":[{"href":"https:\/\/primermomento.com\/index.php?rest_route=%2Fwp%2Fv2%2Fmedia&parent=315058"}],"wp:term":[{"taxonomy":"category","embeddable":true,"href":"https:\/\/primermomento.com\/index.php?rest_route=%2Fwp%2Fv2%2Fcategories&post=315058"},{"taxonomy":"post_tag","embeddable":true,"href":"https:\/\/primermomento.com\/index.php?rest_route=%2Fwp%2Fv2%2Ftags&post=315058"}],"curies":[{"name":"wp","href":"https:\/\/api.w.org\/{rel}","templated":true}]}}