{"id":315061,"date":"2019-02-14T14:39:30","date_gmt":"2019-02-14T18:39:30","guid":{"rendered":"http:\/\/primermomento.com\/?p=315061"},"modified":"2019-02-14T14:39:32","modified_gmt":"2019-02-14T18:39:32","slug":"congreso-nacional-concluye-legislatura-extraordinaria","status":"publish","type":"post","link":"https:\/\/primermomento.com\/?p=315061","title":{"rendered":"Congreso Nacional concluye legislatura extraordinaria"},"content":{"rendered":"\n<p> SANTO DOMINGO, Rep\u00fablica Dominicana.- El Congreso de la Rep\u00fablica Dominicana,  entra hoy en receso tras concluir la legislatura extraordinaria por 30  d\u00edas convocada por el presidente, Danilo Medina, el pasado 14 de enero.                         <br>                          <\/p>\n\n\n\n<figure class=\"wp-block-image\"><img loading=\"lazy\" decoding=\"async\" width=\"748\" height=\"498\" src=\"http:\/\/primermomento.com\/wp-content\/uploads\/2019\/02\/rd-congreso.jpg\" alt=\"\" class=\"wp-image-315062\" srcset=\"https:\/\/primermomento.com\/wp-content\/uploads\/2019\/02\/rd-congreso.jpg 748w, https:\/\/primermomento.com\/wp-content\/uploads\/2019\/02\/rd-congreso-300x200.jpg 300w, https:\/\/primermomento.com\/wp-content\/uploads\/2019\/02\/rd-congreso-73x50.jpg 73w, https:\/\/primermomento.com\/wp-content\/uploads\/2019\/02\/rd-congreso-500x333.jpg 500w, https:\/\/primermomento.com\/wp-content\/uploads\/2019\/02\/rd-congreso-280x186.jpg 280w, https:\/\/primermomento.com\/wp-content\/uploads\/2019\/02\/rd-congreso-60x40.jpg 60w, https:\/\/primermomento.com\/wp-content\/uploads\/2019\/02\/rd-congreso-638x425.jpg 638w, https:\/\/primermomento.com\/wp-content\/uploads\/2019\/02\/rd-congreso-118x79.jpg 118w, https:\/\/primermomento.com\/wp-content\/uploads\/2019\/02\/rd-congreso-479x319.jpg 479w\" sizes=\"auto, (max-width: 748px) 100vw, 748px\" \/><\/figure>\n\n\n\n<p>Durante los 30 d\u00edas decretados, fueron aprobadas la ley de R\u00e9gimen  Electoral, complemento a la ya promulgada Ley Electoral, y la dirigida a  erradicar el comercio il\u00edcito, contrabando y falsificaci\u00f3n de productos  regulados en el pa\u00eds, ambas a la espera de ser promulgadas por el Poder  Ejecutivo.<\/p>\n\n\n\n<p> Asimismo, el Senado aprob\u00f3 el proyecto que regula el\n uso de la hookah, pero qued\u00f3 pendiente de ser conocida por la C\u00e1mara de\n Diputados al tener varias prohibiciones que al parecer deben ser vistas\n en detalles.<\/p>\n\n\n\n<p> En su Decreto 19-19, el jefe de Estado especific\u00f3 \nque el llamado a la legislatura extraordinaria se efectu\u00f3 considerando \nque en el Congreso cursaban importantes proyectos de ley de alto inter\u00e9s\n p\u00fablico, los cuales requer\u00edan del conocimiento y decisi\u00f3n de las \nc\u00e1maras legislativas.<\/p>\n\n\n\n<p> Adem\u00e1s, para conocer proyectos en \ntr\u00e1mites, entre ellos, la ley sobre r\u00e9gimen electoral, as\u00ed como \ncualquier otro introducido en el Congreso.<\/p>\n\n\n\n<p> A partir de este \njueves, los legisladores recesar\u00e1n hasta el pr\u00f3ximo 27 de Febrero, D\u00eda \nde la Independencia Nacional, donde se dar\u00e1 inicio a la primera \nlegislatura de 2019.<\/p>\n\n\n\n<p> Para ese per\u00edodo est\u00e1n pendientes varios \nproyectos, como la Ley General de Agua, la Ley Org\u00e1nica de Fiscalizaci\u00f3n\n y Control del Poder Legislativo, la Ley Org\u00e1nica de Participaci\u00f3n \nCiudadana y Mecanismo de Control Social, la Ley de Vivienda, H\u00e1bitat y \nAsentamientos Humanos, y la Ley de Garant\u00edas Mobiliarias, entre otras.<\/p>\n\n\n\n<p>\n Sin contar otros que fueron declarados como prioritarios en la pasada \nlegislatura y est\u00e1n pendientes, como la reforma del C\u00f3digo Penal, el \nC\u00f3digo Civil, el de Procedimiento Civil, el de Comercio, la Ley de \nDeporte y Recreaci\u00f3n F\u00edsica y la Ley Org\u00e1nica de Fiscalizaci\u00f3n Control \ndel Congreso Nacional.<\/p>\n\n\n\n<p> El Congreso tendr\u00e1 una agenda cargada en  2019 pues varias de las iniciativas mencionadas llevan m\u00e1s de una d\u00e9cada  dentro de este y el pueblo exige sean sacadas a la luz por la  importancia que tienen para el pa\u00eds. <\/p>\n\n\n\n<p style=\"text-align:right\">PL<br><\/p>\n","protected":false},"excerpt":{"rendered":"<p>SANTO DOMINGO, Rep\u00fablica Dominicana.- El Congreso de la Rep\u00fablica Dominicana, entra hoy en receso tras concluir la legislatura extraordinaria por 30 d\u00edas convocada por el presidente, Danilo Medina, el pasado 14 de enero. Durante los 30 d\u00edas decretados, fueron aprobadas la ley de R\u00e9gimen Electoral, complemento a la ya promulgada Ley Electoral, y la dirigida [&hellip;]<\/p>\n","protected":false},"author":1,"featured_media":0,"comment_status":"open","ping_status":"open","sticky":false,"template":"","format":"standard","meta":{"_bbp_topic_count":0,"_bbp_reply_count":0,"_bbp_total_topic_count":0,"_bbp_total_reply_count":0,"_bbp_voice_count":0,"_bbp_anonymous_reply_count":0,"_bbp_topic_count_hidden":0,"_bbp_reply_count_hidden":0,"_bbp_forum_subforum_count":0,"footnotes":""},"categories":[60,32],"tags":[],"class_list":{"0":"post-315061","1":"post","2":"type-post","3":"status-publish","4":"format-standard","6":"category-titulares-del-dia","7":"category-lo-ultimo"},"_links":{"self":[{"href":"https:\/\/primermomento.com\/index.php?rest_route=\/wp\/v2\/posts\/315061","targetHints":{"allow":["GET"]}}],"collection":[{"href":"https:\/\/primermomento.com\/index.php?rest_route=\/wp\/v2\/posts"}],"about":[{"href":"https:\/\/primermomento.com\/index.php?rest_route=\/wp\/v2\/types\/post"}],"author":[{"embeddable":true,"href":"https:\/\/primermomento.com\/index.php?rest_route=\/wp\/v2\/users\/1"}],"replies":[{"embeddable":true,"href":"https:\/\/primermomento.com\/index.php?rest_route=%2Fwp%2Fv2%2Fcomments&post=315061"}],"version-history":[{"count":1,"href":"https:\/\/primermomento.com\/index.php?rest_route=\/wp\/v2\/posts\/315061\/revisions"}],"predecessor-version":[{"id":315063,"href":"https:\/\/primermomento.com\/index.php?rest_route=\/wp\/v2\/posts\/315061\/revisions\/315063"}],"wp:attachment":[{"href":"https:\/\/primermomento.com\/index.php?rest_route=%2Fwp%2Fv2%2Fmedia&parent=315061"}],"wp:term":[{"taxonomy":"category","embeddable":true,"href":"https:\/\/primermomento.com\/index.php?rest_route=%2Fwp%2Fv2%2Fcategories&post=315061"},{"taxonomy":"post_tag","embeddable":true,"href":"https:\/\/primermomento.com\/index.php?rest_route=%2Fwp%2Fv2%2Ftags&post=315061"}],"curies":[{"name":"wp","href":"https:\/\/api.w.org\/{rel}","templated":true}]}}