{"id":315064,"date":"2019-02-14T08:39:41","date_gmt":"2019-02-14T12:39:41","guid":{"rendered":"http:\/\/primermomento.com\/?p=315064"},"modified":"2019-02-14T14:44:42","modified_gmt":"2019-02-14T18:44:42","slug":"renuncia-el-jefe-de-la-agencia-en-el-manejo-de-desastres-en-eeuu","status":"publish","type":"post","link":"https:\/\/primermomento.com\/?p=315064","title":{"rendered":"Renuncia el jefe de la agencia en el manejo de desastres en EEUU"},"content":{"rendered":"\n<p> WASHINGTON, Distrito de Columbia.- La renuncia del jefe de la Agencia  Federal para la Gesti\u00f3n de Emergencias estadounidense (FEMA), Brock  Long, representa hoy otro rev\u00e9s para la administraci\u00f3n del presidente  Donald Trump.                         <br>                          <\/p>\n\n\n\n<figure class=\"wp-block-image\"><img loading=\"lazy\" decoding=\"async\" width=\"748\" height=\"498\" src=\"http:\/\/primermomento.com\/wp-content\/uploads\/2019\/02\/long.jpg\" alt=\"\" class=\"wp-image-315065\" srcset=\"https:\/\/primermomento.com\/wp-content\/uploads\/2019\/02\/long.jpg 748w, https:\/\/primermomento.com\/wp-content\/uploads\/2019\/02\/long-300x200.jpg 300w, https:\/\/primermomento.com\/wp-content\/uploads\/2019\/02\/long-73x50.jpg 73w, https:\/\/primermomento.com\/wp-content\/uploads\/2019\/02\/long-500x333.jpg 500w, https:\/\/primermomento.com\/wp-content\/uploads\/2019\/02\/long-280x186.jpg 280w, https:\/\/primermomento.com\/wp-content\/uploads\/2019\/02\/long-60x40.jpg 60w, https:\/\/primermomento.com\/wp-content\/uploads\/2019\/02\/long-638x425.jpg 638w, https:\/\/primermomento.com\/wp-content\/uploads\/2019\/02\/long-118x79.jpg 118w, https:\/\/primermomento.com\/wp-content\/uploads\/2019\/02\/long-479x319.jpg 479w\" sizes=\"auto, (max-width: 748px) 100vw, 748px\" \/><\/figure>\n\n\n\n<p>Mediante un comunicado, el hasta ahora administrador de la FEMA anunci\u00f3  su dimisi\u00f3n por motivos personales, aunque medios de prensa destacan que  est\u00e1 desde hace tiempo bajo fuego por la respuesta de la instituci\u00f3n al  paso del hurac\u00e1n Mar\u00eda por Puerto Rico en 2017.<\/p>\n\n\n\n<p> El fen\u00f3meno \nmeteorol\u00f3gico caus\u00f3 casi tres mil muertos en ese territorio y provoc\u00f3 \nuna ola de cr\u00edticas contra la FEMA y el gobierno por su lenta respuesta.<\/p>\n\n\n\n<p>\n A ello se sum\u00f3 una investigaci\u00f3n en septiembre del pasado a\u00f1o en su \ncontra por el uso de veh\u00edculos oficiales para fines personales.<\/p>\n\n\n\n<p> \nDirigida por la Oficina del Inspector General del Departamento de \nSeguridad Nacional, la pesquisa detect\u00f3 que Long utiliz\u00f3 veh\u00edculos y \nconductores de la FEMA para trasladarse los fines de semana desde \nWashington hasta Carolina del Norte, donde viven su esposa y sus dos \nhijos.<\/p>\n\n\n\n<p> &#8216;Se supone que el administrador de FEMA debe concentrarse\n en prepararse para desastres (&#8230;) y no utilizar veh\u00edculos del gobierno\n para transportar a su familia a Hawaii a expensas de los \ncontribuyentes&#8217;, expres\u00f3 entonces Elijah E. Cummings, presidente del \nComit\u00e9 de Supervisi\u00f3n de la C\u00e1mara de Representantes.<\/p>\n\n\n\n<p> El caso se\n suma as\u00ed al de otros funcionarios de la administraci\u00f3n que utilizaron \nrecursos p\u00fablicos para fines personales como el exsecretario del \nInterior Ryan Zinke y el exadministrador de la Agencia de Protecci\u00f3n \nAmbiental Scott Pruitt.<\/p>\n\n\n\n<p> En el comunicado Long expres\u00f3 que en sus\n dos a\u00f1os en el cargo, la entidad actu\u00f3 en respuesta a m\u00e1s de 220 \ndesastres declarados, entre ellos varios huracanes.<\/p>\n\n\n\n<p> Tras la  renuncia, Peter Gaynor, el administrador adjunto de la Agencia, se  desempe\u00f1ar\u00e1 como jefe interino hasta que Trump designe a un sustituto y  esa persona sea confirmada por el Senado. <\/p>\n\n\n\n<p style=\"text-align:right\">PL<\/p>\n","protected":false},"excerpt":{"rendered":"<p>WASHINGTON, Distrito de Columbia.- La renuncia del jefe de la Agencia Federal para la Gesti\u00f3n de Emergencias estadounidense (FEMA), Brock Long, representa hoy otro rev\u00e9s para la administraci\u00f3n del presidente Donald Trump. Mediante un comunicado, el hasta ahora administrador de la FEMA anunci\u00f3 su dimisi\u00f3n por motivos personales, aunque medios de prensa destacan que est\u00e1 [&hellip;]<\/p>\n","protected":false},"author":1,"featured_media":0,"comment_status":"open","ping_status":"open","sticky":false,"template":"","format":"standard","meta":{"_bbp_topic_count":0,"_bbp_reply_count":0,"_bbp_total_topic_count":0,"_bbp_total_reply_count":0,"_bbp_voice_count":0,"_bbp_anonymous_reply_count":0,"_bbp_topic_count_hidden":0,"_bbp_reply_count_hidden":0,"_bbp_forum_subforum_count":0,"footnotes":""},"categories":[60,38],"tags":[],"class_list":{"0":"post-315064","1":"post","2":"type-post","3":"status-publish","4":"format-standard","6":"category-titulares-del-dia","7":"category-sociedad"},"_links":{"self":[{"href":"https:\/\/primermomento.com\/index.php?rest_route=\/wp\/v2\/posts\/315064","targetHints":{"allow":["GET"]}}],"collection":[{"href":"https:\/\/primermomento.com\/index.php?rest_route=\/wp\/v2\/posts"}],"about":[{"href":"https:\/\/primermomento.com\/index.php?rest_route=\/wp\/v2\/types\/post"}],"author":[{"embeddable":true,"href":"https:\/\/primermomento.com\/index.php?rest_route=\/wp\/v2\/users\/1"}],"replies":[{"embeddable":true,"href":"https:\/\/primermomento.com\/index.php?rest_route=%2Fwp%2Fv2%2Fcomments&post=315064"}],"version-history":[{"count":1,"href":"https:\/\/primermomento.com\/index.php?rest_route=\/wp\/v2\/posts\/315064\/revisions"}],"predecessor-version":[{"id":315066,"href":"https:\/\/primermomento.com\/index.php?rest_route=\/wp\/v2\/posts\/315064\/revisions\/315066"}],"wp:attachment":[{"href":"https:\/\/primermomento.com\/index.php?rest_route=%2Fwp%2Fv2%2Fmedia&parent=315064"}],"wp:term":[{"taxonomy":"category","embeddable":true,"href":"https:\/\/primermomento.com\/index.php?rest_route=%2Fwp%2Fv2%2Fcategories&post=315064"},{"taxonomy":"post_tag","embeddable":true,"href":"https:\/\/primermomento.com\/index.php?rest_route=%2Fwp%2Fv2%2Ftags&post=315064"}],"curies":[{"name":"wp","href":"https:\/\/api.w.org\/{rel}","templated":true}]}}