{"id":315070,"date":"2019-02-14T09:48:11","date_gmt":"2019-02-14T13:48:11","guid":{"rendered":"http:\/\/primermomento.com\/?p=315070"},"modified":"2019-02-14T14:50:51","modified_gmt":"2019-02-14T18:50:51","slug":"denuncian-pasado-criminal-del-enviado-de-trump-para-venezuela","status":"publish","type":"post","link":"https:\/\/primermomento.com\/?p=315070","title":{"rendered":"Denuncian pasado criminal del enviado de Trump para Venezuela"},"content":{"rendered":"\n<p> WASHINGTON, Distrito de Columbia.- La legisladora estadounidense Ilhan Omar  acus\u00f3 al diplom\u00e1tico Elliott Abrams de respaldar las masacres del  Ej\u00e9rcito durante la guerra civil en El Salvador y cuestion\u00f3 sus  testimonios sobre Venezuela, reporta hoy la prensa.                         <br>                          <\/p>\n\n\n\n<figure class=\"wp-block-image\"><img loading=\"lazy\" decoding=\"async\" width=\"748\" height=\"498\" src=\"http:\/\/primermomento.com\/wp-content\/uploads\/2019\/02\/Ilhan-Omar.jpg\" alt=\"\" class=\"wp-image-315071\" srcset=\"https:\/\/primermomento.com\/wp-content\/uploads\/2019\/02\/Ilhan-Omar.jpg 748w, https:\/\/primermomento.com\/wp-content\/uploads\/2019\/02\/Ilhan-Omar-300x200.jpg 300w, https:\/\/primermomento.com\/wp-content\/uploads\/2019\/02\/Ilhan-Omar-73x50.jpg 73w, https:\/\/primermomento.com\/wp-content\/uploads\/2019\/02\/Ilhan-Omar-500x333.jpg 500w, https:\/\/primermomento.com\/wp-content\/uploads\/2019\/02\/Ilhan-Omar-280x186.jpg 280w, https:\/\/primermomento.com\/wp-content\/uploads\/2019\/02\/Ilhan-Omar-60x40.jpg 60w, https:\/\/primermomento.com\/wp-content\/uploads\/2019\/02\/Ilhan-Omar-638x425.jpg 638w, https:\/\/primermomento.com\/wp-content\/uploads\/2019\/02\/Ilhan-Omar-118x79.jpg 118w, https:\/\/primermomento.com\/wp-content\/uploads\/2019\/02\/Ilhan-Omar-479x319.jpg 479w\" sizes=\"auto, (max-width: 748px) 100vw, 748px\" \/><figcaption>  Ilhan Omar <\/figcaption><\/figure>\n\n\n\n<p>Durante una audiencia ayer ante el Comit\u00e9 de Relaciones Exteriores de la  C\u00e1mara de Representantes, Omar acus\u00f3 al enviado especial del mandatario  Donald Trump para Venezuela de respaldar las violaciones cometidas en  el pa\u00eds centroamericano durante la d\u00e9cada de los 80 del pasado siglo. En  1991 usted se declar\u00f3 culpable de dos cargos de retenci\u00f3n de  informaci\u00f3n al Congreso con respecto a su participaci\u00f3n en el esc\u00e1ndalo  Ir\u00e1n-Contra, aunque luego fue indultado por el entonces presidente  George Bush, expres\u00f3 Omar dirigi\u00e9ndose a Abrams.<\/p>\n\n\n\n<p> &#8216;No entiendo \npor qu\u00e9 los miembros de este comit\u00e9 o el pueblo estadounidense deben \nesperar que cualquier testimonio que emita hoy (sobre Venezuela) sea \nsincero&#8217;, expres\u00f3.<\/p>\n\n\n\n<p> Ante las alegaciones de Abrams, la \nlegisladora neg\u00f3 que sea un ataque personal y destac\u00f3 que Trump estudia \nintervenir con tropas en el pa\u00eds sudamericano, por lo cual, apunt\u00f3 que \nes razonable saber si usted aprendi\u00f3 de las acciones crueles e ilegales \nadoptadas durante el mandato de Ronald Reagan.<\/p>\n\n\n\n<p> &#8216;\u00bfApoyar\u00eda a una \nfacci\u00f3n armada dentro de Venezuela que se involucre en cr\u00edmenes de \nguerra, cr\u00edmenes de lesa humanidad o genocidio si creyera que estaban \nsirviendo los intereses de los Estados Unidos, como lo hizo en El \nSalvador, Nicaragua y Guatemala?&#8217;, pregunt\u00f3 la legisladora.<\/p>\n\n\n\n<p> No \nvoy a responder a esa pregunta. No me parece que este interrogatorio \npretenda conseguir aut\u00e9nticas respuestas as\u00ed que no responder\u00e9, \nmanifest\u00f3 Abrams.<\/p>\n\n\n\n<p> La representante record\u00f3 que el 8 de febrero \nde 1982, Abrams, entonces secretario de Estado adjunto sobre Derechos \nHumanos, testific\u00f3 ante la Comisi\u00f3n de Relaciones Exteriores del Senado \nsobre la pol\u00edtica de Washington en El Salvador. En esa audiencia usted \ndesestim\u00f3 informes sobre la masacre en El Mozote, en la que m\u00e1s de 800 \nciviles, incluidos ni\u00f1os de dos a\u00f1os, fueron brutalmente asesinados por \ntropas entrenadas por Estados Unidos, subray\u00f3.<\/p>\n\n\n\n<p> A\u00f1os despu\u00e9s, \nconsider\u00f3 que la pol\u00edtica de nuestro Gobierno en El Salvador hab\u00eda sido \nun fabuloso logro. \u00bfTodav\u00eda lo piensa?, expres\u00f3 Omar.<\/p>\n\n\n\n<p> &#8216;Lo  sorprendente de este v\u00eddeo es lo enojado que se siente Abrams por tener  que rendir cuentas por sus acciones pasadas (porque) en Estados Unidos  existe una cultura de impunidad de \u00e9lite, donde los ricos y poderosos  con bastante frecuencia se liberan de un esc\u00e1ndalo&#8217;, destac\u00f3 el portal  Vox.<\/p>\n\n\n\n<p style=\"text-align:right\">PL <\/p>\n","protected":false},"excerpt":{"rendered":"<p>WASHINGTON, Distrito de Columbia.- La legisladora estadounidense Ilhan Omar acus\u00f3 al diplom\u00e1tico Elliott Abrams de respaldar las masacres del Ej\u00e9rcito durante la guerra civil en El Salvador y cuestion\u00f3 sus testimonios sobre Venezuela, reporta hoy la prensa. Durante una audiencia ayer ante el Comit\u00e9 de Relaciones Exteriores de la C\u00e1mara de Representantes, Omar acus\u00f3 al [&hellip;]<\/p>\n","protected":false},"author":1,"featured_media":0,"comment_status":"open","ping_status":"open","sticky":false,"template":"","format":"standard","meta":{"_bbp_topic_count":0,"_bbp_reply_count":0,"_bbp_total_topic_count":0,"_bbp_total_reply_count":0,"_bbp_voice_count":0,"_bbp_anonymous_reply_count":0,"_bbp_topic_count_hidden":0,"_bbp_reply_count_hidden":0,"_bbp_forum_subforum_count":0,"footnotes":""},"categories":[60,31],"tags":[],"class_list":{"0":"post-315070","1":"post","2":"type-post","3":"status-publish","4":"format-standard","6":"category-titulares-del-dia","7":"category-estados-unidos"},"_links":{"self":[{"href":"https:\/\/primermomento.com\/index.php?rest_route=\/wp\/v2\/posts\/315070","targetHints":{"allow":["GET"]}}],"collection":[{"href":"https:\/\/primermomento.com\/index.php?rest_route=\/wp\/v2\/posts"}],"about":[{"href":"https:\/\/primermomento.com\/index.php?rest_route=\/wp\/v2\/types\/post"}],"author":[{"embeddable":true,"href":"https:\/\/primermomento.com\/index.php?rest_route=\/wp\/v2\/users\/1"}],"replies":[{"embeddable":true,"href":"https:\/\/primermomento.com\/index.php?rest_route=%2Fwp%2Fv2%2Fcomments&post=315070"}],"version-history":[{"count":1,"href":"https:\/\/primermomento.com\/index.php?rest_route=\/wp\/v2\/posts\/315070\/revisions"}],"predecessor-version":[{"id":315072,"href":"https:\/\/primermomento.com\/index.php?rest_route=\/wp\/v2\/posts\/315070\/revisions\/315072"}],"wp:attachment":[{"href":"https:\/\/primermomento.com\/index.php?rest_route=%2Fwp%2Fv2%2Fmedia&parent=315070"}],"wp:term":[{"taxonomy":"category","embeddable":true,"href":"https:\/\/primermomento.com\/index.php?rest_route=%2Fwp%2Fv2%2Fcategories&post=315070"},{"taxonomy":"post_tag","embeddable":true,"href":"https:\/\/primermomento.com\/index.php?rest_route=%2Fwp%2Fv2%2Ftags&post=315070"}],"curies":[{"name":"wp","href":"https:\/\/api.w.org\/{rel}","templated":true}]}}